{"id":11541,"date":"2023-02-28T20:45:52","date_gmt":"2023-02-28T19:45:52","guid":{"rendered":"https:\/\/www.prus.sosnowiec.pl\/?p=11541"},"modified":"2023-02-28T20:45:52","modified_gmt":"2023-02-28T19:45:52","slug":"kubusiowi-przyjaciele-natury-ogolnopolski-projekt-edukacyjny","status":"publish","type":"post","link":"https:\/\/www.prus.sosnowiec.pl\/index.php\/2023\/02\/28\/kubusiowi-przyjaciele-natury-ogolnopolski-projekt-edukacyjny\/","title":{"rendered":"Kubusiowi Przyjaciele Natury \u2013 og\u00f3lnopolski Projekt Edukacyjny"},"content":{"rendered":"<p style=\"text-align: center;\">\u201eMimo, \u017ce Ziemia daje nam schronienie, powietrze i po\u017cywienie<\/p>\n<p style=\"text-align: center;\">\u2013 eksploatacja jej d\u00f3br, nadmierna konsumpcja, marnowanie energii czy wody sprawi\u0142y,<\/p>\n<p style=\"text-align: center;\">\u017ce natura potrzebuje naszej pomocy. Aby zapobiec pog\u0142\u0119biaj\u0105cemu si\u0119 zanieczyszczeniu \u015brodowiska, zmianom klimatycznym oraz ochroni\u0107 przed wygini\u0119ciem wiele gatunk\u00f3w ro\u015blin i zwierz\u0105t, obowi\u0105zkiem ka\u017cdego z nas jest zmiana my\u015blenia i&nbsp;przyzwyczaje\u0144 w wielu obszarach codzienno\u015bci.<\/p>\n<p style=\"text-align: center;\">Uczniowie klas III a,b SP, bior\u0105c udzia\u0142 w Og\u00f3lnopolskim Projekcie \u201eKubusiowi Przyjaciele Natury, dog\u0142\u0119bnie przeanalizowali swoje z\u0142e nawyki, poznali prawid\u0142owe zachowania wobec przyrody&nbsp; i postanowili wcieli\u0107 natychmiast swoje przemy\u015blenia w czyny,<\/p>\n<p style=\"text-align: center;\">aby m\u00f3c obserwowa\u0107 zmiany w kwestii przyrody ju\u017c w niedalekiej przysz\u0142o\u015bci.<\/p>\n<p style=\"text-align: center;\">&nbsp;<\/p>\n<p style=\"text-align: center;\">Ty te\u017c mo\u017cesz zosta\u0107 Przyjacielem Natury \u2026 musisz tylko chcie\u0107.<\/p>\n<p style=\"text-align: center;\">Sylwia Jedziniak<\/p>\n<p>&nbsp;<\/p>\n<p><img loading=\"lazy\" decoding=\"async\" class=\"size-full wp-image-11542 aligncenter\" src=\"https:\/\/serwer1476418.home.pl\/new\/wp-content\/uploads\/2023\/02\/certyfikat_Kubusiowi_Przyjaciele_Natury.jpg\" alt=\"\" width=\"595\" height=\"842\" srcset=\"https:\/\/serwer1476418.home.pl\/new\/wp-content\/uploads\/2023\/02\/certyfikat_Kubusiowi_Przyjaciele_Natury.jpg 595w, https:\/\/serwer1476418.home.pl\/new\/wp-content\/uploads\/2023\/02\/certyfikat_Kubusiowi_Przyjaciele_Natury-212x300.jpg 212w\" sizes=\"auto, (max-width: 595px) 100vw, 595px\" \/><\/p>\n","protected":false},"excerpt":{"rendered":"<p>\u201eMimo, \u017ce Ziemia daje nam schronienie, powietrze i po\u017cywienie \u2013 eksploatacja jej d\u00f3br, nadmierna konsumpcja, marnowanie energii czy wody sprawi\u0142y, \u017ce natura potrzebuje naszej pomocy. Aby zapobiec pog\u0142\u0119biaj\u0105cemu si\u0119 zanieczyszczeniu \u015brodowiska, zmianom klimatycznym oraz ochroni\u0107 przed wygini\u0119ciem wiele gatunk\u00f3w ro\u015blin i zwierz\u0105t, obowi\u0105zkiem ka\u017cdego z nas jest zmiana my\u015blenia i&nbsp;przyzwyczaje\u0144 w wielu obszarach codzienno\u015bci. Uczniowie [&hellip;]<\/p>\n","protected":false},"author":9,"featured_media":0,"comment_status":"closed","ping_status":"open","sticky":false,"template":"","format":"standard","meta":{"ngg_post_thumbnail":0,"footnotes":"","_links_to":"","_links_to_target":""},"categories":[4],"tags":[],"class_list":["post-11541","post","type-post","status-publish","format-standard","hentry","category-news"],"_links":{"self":[{"href":"https:\/\/www.prus.sosnowiec.pl\/index.php\/wp-json\/wp\/v2\/posts\/11541","targetHints":{"allow":["GET"]}}],"collection":[{"href":"https:\/\/www.prus.sosnowiec.pl\/index.php\/wp-json\/wp\/v2\/posts"}],"about":[{"href":"https:\/\/www.prus.sosnowiec.pl\/index.php\/wp-json\/wp\/v2\/types\/post"}],"author":[{"embeddable":true,"href":"https:\/\/www.prus.sosnowiec.pl\/index.php\/wp-json\/wp\/v2\/users\/9"}],"replies":[{"embeddable":true,"href":"https:\/\/www.prus.sosnowiec.pl\/index.php\/wp-json\/wp\/v2\/comments?post=11541"}],"version-history":[{"count":1,"href":"https:\/\/www.prus.sosnowiec.pl\/index.php\/wp-json\/wp\/v2\/posts\/11541\/revisions"}],"predecessor-version":[{"id":11543,"href":"https:\/\/www.prus.sosnowiec.pl\/index.php\/wp-json\/wp\/v2\/posts\/11541\/revisions\/11543"}],"wp:attachment":[{"href":"https:\/\/www.prus.sosnowiec.pl\/index.php\/wp-json\/wp\/v2\/media?parent=11541"}],"wp:term":[{"taxonomy":"category","embeddable":true,"href":"https:\/\/www.prus.sosnowiec.pl\/index.php\/wp-json\/wp\/v2\/categories?post=11541"},{"taxonomy":"post_tag","embeddable":true,"href":"https:\/\/www.prus.sosnowiec.pl\/index.php\/wp-json\/wp\/v2\/tags?post=11541"}],"curies":[{"name":"wp","href":"https:\/\/api.w.org\/{rel}","templated":true}]}}