{"id":15132,"date":"2024-10-21T10:55:19","date_gmt":"2024-10-21T08:55:19","guid":{"rendered":"https:\/\/www.prus.sosnowiec.pl\/?p=15132"},"modified":"2024-10-21T10:55:19","modified_gmt":"2024-10-21T08:55:19","slug":"zawody-plywackie-4","status":"publish","type":"post","link":"https:\/\/www.prus.sosnowiec.pl\/index.php\/2024\/10\/21\/zawody-plywackie-4\/","title":{"rendered":"Zawody p\u0142ywackie"},"content":{"rendered":"<div>\n<div dir=\"auto\"><img loading=\"lazy\" decoding=\"async\" class=\"CToWUd\" src=\"https:\/\/ci3.googleusercontent.com\/meips\/ADKq_NZEm8ebkBZUtb4V18OMvWBPNbTyPiJcXZpF75naV2ER-xdJwwW0aLXFlbG9HtaFGOEa0kR23xPOs_sX3Q4lnT6X37zXptK8V5iHA-2Jh4iGbDmTIwuiwE4=s0-d-e1-ft#https:\/\/static.xx.fbcdn.net\/images\/emoji.php\/v9\/tbc\/1\/16\/1f30a.png\" alt=\"\ud83c\udf0a\" width=\"16\" height=\"16\" data-bit=\"iit\">W dniu 18.10.24 odby\u0142a si\u0119 pierwsza edycja dwuboju p\u0142ywacko-lekkoatletycznego. Uczniowie naszej szko\u0142y rywalizowali ze sob\u0105<\/div>\n<div dir=\"auto\">w konkurencjach 200 metr\u00f3w biegu oraz 50 metr\u00f3w p\u0142ywania<\/div>\n<div dir=\"auto\">w trzech kategoriach wiekowych.<\/div>\n<div dir=\"auto\">I kategoria (klasy 2 i 3)<\/div>\n<div dir=\"auto\">Dziewcz\u0119ta:<img loading=\"lazy\" decoding=\"async\" class=\"CToWUd\" src=\"https:\/\/ci3.googleusercontent.com\/meips\/ADKq_NaunH0tVxUKpJZJBIlv7N93_slu5r7cqlgumOJstblRne554sh8UgGv5wl7RMg5vJ-QVDXqxdhw0o7sDQIAf843KUErsnBtiP-ztjCOgk8s_QgZmjAv0WOda105WWK8EDFo=s0-d-e1-ft#https:\/\/static.xx.fbcdn.net\/images\/emoji.php\/v9\/t57\/1\/16\/1f3ca_200d_2640.png\" alt=\"\ud83c\udfca\u200d\u2640\ufe0f\" width=\"16\" height=\"16\" data-bit=\"iit\"><\/div>\n<div dir=\"auto\">1.Nicola W\u0105sek<\/div>\n<div dir=\"auto\">2.Pola \u015arubarczyk<\/div>\n<div dir=\"auto\">3.Milena Duda<\/div>\n<div dir=\"auto\">Ch\u0142opcy:<img loading=\"lazy\" decoding=\"async\" class=\"CToWUd\" src=\"https:\/\/ci3.googleusercontent.com\/meips\/ADKq_NYd4GNXmVQlXSS-CHweprnsTTxSvspkx2gLalAX8ZlsRzOHis7Sq1qm6xunHONGy5fYJzxKtoSSSFDwUN756UR4gvSKjSHNkBVlMa_YL4ymiqfg7pKqDWvNDZW5ye6u7VCu=s0-d-e1-ft#https:\/\/static.xx.fbcdn.net\/images\/emoji.php\/v9\/t59\/1\/16\/1f3ca_200d_2642.png\" alt=\"\ud83c\udfca\u200d\u2642\ufe0f\" width=\"16\" height=\"16\" data-bit=\"iit\"><\/div>\n<div dir=\"auto\">1.Sebastian Mi\u0142ek<\/div>\n<div dir=\"auto\">2.Oktawian Natkaniec<\/div>\n<div dir=\"auto\">3.Tymon Kolenda<\/div>\n<\/div>\n<div>\n<div dir=\"auto\">II Kategoria. (klasy 4 i 5)<\/div>\n<div dir=\"auto\">Dziewcz\u0119ta:<img loading=\"lazy\" decoding=\"async\" class=\"CToWUd\" src=\"https:\/\/ci3.googleusercontent.com\/meips\/ADKq_NaunH0tVxUKpJZJBIlv7N93_slu5r7cqlgumOJstblRne554sh8UgGv5wl7RMg5vJ-QVDXqxdhw0o7sDQIAf843KUErsnBtiP-ztjCOgk8s_QgZmjAv0WOda105WWK8EDFo=s0-d-e1-ft#https:\/\/static.xx.fbcdn.net\/images\/emoji.php\/v9\/t57\/1\/16\/1f3ca_200d_2640.png\" alt=\"\ud83c\udfca\u200d\u2640\ufe0f\" width=\"16\" height=\"16\" data-bit=\"iit\"><\/div>\n<div dir=\"auto\">1.Lena Zwo\u017aniak<\/div>\n<div dir=\"auto\">2.Oliwia Famu\u0142a<\/div>\n<div dir=\"auto\">3.Urszula Stankiewicz<\/div>\n<div dir=\"auto\">Ch\u0142opcy:<img loading=\"lazy\" decoding=\"async\" class=\"CToWUd\" src=\"https:\/\/ci3.googleusercontent.com\/meips\/ADKq_NYd4GNXmVQlXSS-CHweprnsTTxSvspkx2gLalAX8ZlsRzOHis7Sq1qm6xunHONGy5fYJzxKtoSSSFDwUN756UR4gvSKjSHNkBVlMa_YL4ymiqfg7pKqDWvNDZW5ye6u7VCu=s0-d-e1-ft#https:\/\/static.xx.fbcdn.net\/images\/emoji.php\/v9\/t59\/1\/16\/1f3ca_200d_2642.png\" alt=\"\ud83c\udfca\u200d\u2642\ufe0f\" width=\"16\" height=\"16\" data-bit=\"iit\"><\/div>\n<div dir=\"auto\">1.Hubert Bit<\/div>\n<div dir=\"auto\">2.Szymon M\u0119cik<\/div>\n<div dir=\"auto\">3.Szymon Wardowski<\/div>\n<\/div>\n<div>\n<div dir=\"auto\">III kategoria (klasy 6 i 7)<\/div>\n<div dir=\"auto\">Dziewcz\u0119ta:<img loading=\"lazy\" decoding=\"async\" class=\"CToWUd\" src=\"https:\/\/ci3.googleusercontent.com\/meips\/ADKq_NaunH0tVxUKpJZJBIlv7N93_slu5r7cqlgumOJstblRne554sh8UgGv5wl7RMg5vJ-QVDXqxdhw0o7sDQIAf843KUErsnBtiP-ztjCOgk8s_QgZmjAv0WOda105WWK8EDFo=s0-d-e1-ft#https:\/\/static.xx.fbcdn.net\/images\/emoji.php\/v9\/t57\/1\/16\/1f3ca_200d_2640.png\" alt=\"\ud83c\udfca\u200d\u2640\ufe0f\" width=\"16\" height=\"16\" data-bit=\"iit\"><\/div>\n<div dir=\"auto\">1.Laura Nadolny<\/div>\n<div dir=\"auto\">2.Zofia Matlachowska<\/div>\n<div dir=\"auto\">3.Nadia Krupa<\/div>\n<div dir=\"auto\">Ch\u0142opcy:<img loading=\"lazy\" decoding=\"async\" class=\"CToWUd\" src=\"https:\/\/ci3.googleusercontent.com\/meips\/ADKq_NYd4GNXmVQlXSS-CHweprnsTTxSvspkx2gLalAX8ZlsRzOHis7Sq1qm6xunHONGy5fYJzxKtoSSSFDwUN756UR4gvSKjSHNkBVlMa_YL4ymiqfg7pKqDWvNDZW5ye6u7VCu=s0-d-e1-ft#https:\/\/static.xx.fbcdn.net\/images\/emoji.php\/v9\/t59\/1\/16\/1f3ca_200d_2642.png\" alt=\"\ud83c\udfca\u200d\u2642\ufe0f\" width=\"16\" height=\"16\" data-bit=\"iit\"><\/div>\n<div dir=\"auto\">1.Szczepan Nowak<\/div>\n<div dir=\"auto\">2.Oskar Pasturczak<\/div>\n<div dir=\"auto\">3.Adrian Kowalski<\/div>\n<\/div>\n<div>\n<div dir=\"auto\">Pogoda dopisa\u0142a ,humory r\u00f3wnie\u017c a pozytywna energia udzieli\u0142a si\u0119 nie tylko zawodnikom ale r\u00f3wnie\u017c trenerom.<\/div>\n<div dir=\"auto\">Kolejna edycja na wiosn\u0119 !<\/div>\n<\/div>\n<div>\n<div dir=\"auto\">Tomasz \u015alusarz<\/div>\n<div dir=\"auto\">Paulina Szula -Tworuszka<\/div>\n<div dir=\"auto\">Gra\u017cyna Trzaska Sablik<\/div>\n<div dir=\"auto\">Olga Samul<\/div>\n<div dir=\"auto\">Micha\u0142 R\u0105czka<\/div>\n<\/div>\n<div dir=\"auto\">ngg_shortcode_0_placeholder<\/div>\n<div style=\"width: 478px;\" class=\"wp-video\"><video class=\"wp-video-shortcode\" id=\"video-15132-1\" width=\"478\" height=\"850\" preload=\"metadata\" controls=\"controls\"><source type=\"video\/mp4\" src=\"https:\/\/serwer1476418.home.pl\/new\/wp-content\/uploads\/2024\/10\/VID-20241020-WA0002.mp4?_=1\" \/><a href=\"https:\/\/serwer1476418.home.pl\/new\/wp-content\/uploads\/2024\/10\/VID-20241020-WA0002.mp4\">https:\/\/serwer1476418.home.pl\/new\/wp-content\/uploads\/2024\/10\/VID-20241020-WA0002.mp4<\/a><\/video><\/div>\n","protected":false},"excerpt":{"rendered":"<p>W dniu 18.10.24 odby\u0142a si\u0119 pierwsza edycja dwuboju p\u0142ywacko-lekkoatletycznego. Uczniowie naszej szko\u0142y rywalizowali ze sob\u0105 w konkurencjach 200 metr\u00f3w biegu oraz 50 metr\u00f3w p\u0142ywania w trzech kategoriach wiekowych. I kategoria (klasy 2 i 3) Dziewcz\u0119ta: 1.Nicola W\u0105sek 2.Pola \u015arubarczyk 3.Milena Duda Ch\u0142opcy: 1.Sebastian Mi\u0142ek 2.Oktawian Natkaniec 3.Tymon Kolenda II Kategoria. (klasy 4 i 5) Dziewcz\u0119ta: [&hellip;]<\/p>\n","protected":false},"author":10,"featured_media":0,"comment_status":"closed","ping_status":"open","sticky":false,"template":"","format":"standard","meta":{"ngg_post_thumbnail":0,"footnotes":"","_links_to":"","_links_to_target":""},"categories":[4],"tags":[],"class_list":["post-15132","post","type-post","status-publish","format-standard","hentry","category-news"],"_links":{"self":[{"href":"https:\/\/www.prus.sosnowiec.pl\/index.php\/wp-json\/wp\/v2\/posts\/15132","targetHints":{"allow":["GET"]}}],"collection":[{"href":"https:\/\/www.prus.sosnowiec.pl\/index.php\/wp-json\/wp\/v2\/posts"}],"about":[{"href":"https:\/\/www.prus.sosnowiec.pl\/index.php\/wp-json\/wp\/v2\/types\/post"}],"author":[{"embeddable":true,"href":"https:\/\/www.prus.sosnowiec.pl\/index.php\/wp-json\/wp\/v2\/users\/10"}],"replies":[{"embeddable":true,"href":"https:\/\/www.prus.sosnowiec.pl\/index.php\/wp-json\/wp\/v2\/comments?post=15132"}],"version-history":[{"count":1,"href":"https:\/\/www.prus.sosnowiec.pl\/index.php\/wp-json\/wp\/v2\/posts\/15132\/revisions"}],"predecessor-version":[{"id":15133,"href":"https:\/\/www.prus.sosnowiec.pl\/index.php\/wp-json\/wp\/v2\/posts\/15132\/revisions\/15133"}],"wp:attachment":[{"href":"https:\/\/www.prus.sosnowiec.pl\/index.php\/wp-json\/wp\/v2\/media?parent=15132"}],"wp:term":[{"taxonomy":"category","embeddable":true,"href":"https:\/\/www.prus.sosnowiec.pl\/index.php\/wp-json\/wp\/v2\/categories?post=15132"},{"taxonomy":"post_tag","embeddable":true,"href":"https:\/\/www.prus.sosnowiec.pl\/index.php\/wp-json\/wp\/v2\/tags?post=15132"}],"curies":[{"name":"wp","href":"https:\/\/api.w.org\/{rel}","templated":true}]}}