{"id":16613,"date":"2025-04-02T08:21:39","date_gmt":"2025-04-02T06:21:39","guid":{"rendered":"https:\/\/www.prus.sosnowiec.pl\/?p=16613"},"modified":"2025-04-07T08:07:29","modified_gmt":"2025-04-07T06:07:29","slug":"i-wojewodzki-konkurs-piosenki-wloskiej","status":"publish","type":"post","link":"https:\/\/www.prus.sosnowiec.pl\/index.php\/2025\/04\/02\/i-wojewodzki-konkurs-piosenki-wloskiej\/","title":{"rendered":"I WOJEW\u00d3DZKI KONKURS PIOSENKI W\u0141OSKIEJ"},"content":{"rendered":"<p>W dniu <strong>26 marca<\/strong> br. w naszej szkole odby\u0142 si\u0119 jubileuszowy<\/p>\n<p><strong>I WOJEW\u00d3DZKI KONKURS PIOSENKI W\u0141OSKIEJ<\/strong><\/p>\n<h3><strong><em>\u201e<\/em><\/strong><span style=\"color: #339966;\"><strong><em>CANZONI<\/em><\/strong><\/span><span style=\"color: #333333;\"><strong><em> D\u2019<\/em><\/strong><\/span><span style=\"color: #ff0000;\"><strong><em>ITALIA<\/em><\/strong><\/span><strong><em>\u201d<\/em><\/strong><\/h3>\n<p><img loading=\"lazy\" decoding=\"async\" class=\"aligncenter size-full wp-image-16616\" src=\"https:\/\/serwer1476418.home.pl\/new\/wp-content\/uploads\/2025\/03\/20250325_101525.jpg\" alt=\"\" width=\"650\" height=\"1069\" srcset=\"https:\/\/serwer1476418.home.pl\/new\/wp-content\/uploads\/2025\/03\/20250325_101525.jpg 650w, https:\/\/serwer1476418.home.pl\/new\/wp-content\/uploads\/2025\/03\/20250325_101525-182x300.jpg 182w, https:\/\/serwer1476418.home.pl\/new\/wp-content\/uploads\/2025\/03\/20250325_101525-623x1024.jpg 623w\" sizes=\"auto, (max-width: 650px) 100vw, 650px\" \/><\/p>\n<p>&nbsp;<\/p>\n<p>Do udzia\u0142u w konkursie zg\u0142osili si\u0119 uczniowie szk\u00f3\u0142 podstawowych oraz lice\u00f3w z Sosnowca, D\u0105browy G\u00f3rniczej, B\u0119dzina oraz Katowic w trzech kategoriach wiekowych:<\/p>\n<p>Kategoria 1 \u2013 klasy I \u2013 III SP<\/p>\n<p>Kategoria 2 \u2013 klasy IV \u2013 VIII SP<\/p>\n<p>Kategoria 3 \u2013 Klasy I \u2013 III LO<\/p>\n<p>M\u0142odzie\u017c zaprezentowa\u0142a w\u0142asne wykonania znanych nam wszystkim piosenek w\u0142oskiej muzyki rozrywkowej takich jak: \u201e <em>Italodisco<\/em>\u201d, \u201e<em>Sara\u2019 perche\u2019 ti amo<\/em>\u201d czy \u201e <em>Bella ciao!<\/em>\u201d.<\/p>\n<p>&nbsp;<\/p>\n<p><img loading=\"lazy\" decoding=\"async\" class=\"aligncenter size-full wp-image-16618\" src=\"https:\/\/serwer1476418.home.pl\/new\/wp-content\/uploads\/2025\/03\/GridArt_20250327_131504110.jpg\" alt=\"\" width=\"750\" height=\"750\" srcset=\"https:\/\/serwer1476418.home.pl\/new\/wp-content\/uploads\/2025\/03\/GridArt_20250327_131504110.jpg 750w, https:\/\/serwer1476418.home.pl\/new\/wp-content\/uploads\/2025\/03\/GridArt_20250327_131504110-300x300.jpg 300w, https:\/\/serwer1476418.home.pl\/new\/wp-content\/uploads\/2025\/03\/GridArt_20250327_131504110-150x150.jpg 150w\" sizes=\"auto, (max-width: 750px) 100vw, 750px\" \/><\/p>\n<p>&nbsp;<\/p>\n<p>Po burzliwych naradach Jury w sk\u0142adzie<\/p>\n<p>mgr Ewa Wolczyk<\/p>\n<p>mgr Mariusz M\u0105czka<\/p>\n<p>mgr Beata Duda<\/p>\n<p>og\u0142osi\u0142o wyniki konkursu:<\/p>\n<p>&nbsp;<\/p>\n<p><strong><u>KATEGORIA 1<\/u><\/strong><\/p>\n<p><strong>I miejsce <\/strong><\/p>\n<p><strong>Tymoteusz Nuszczy\u0144ski <\/strong>\u2013 Szko\u0142a Podstawowa nr 48 w Sosnowcu<\/p>\n<p><strong>II miejsce<\/strong><\/p>\n<p>&nbsp;<strong>Chloe\u2019 Smeriglio<\/strong> \u2013 Szko\u0142a Podstawowa nr 39 w Sosnowcu<\/p>\n<p>&nbsp;<\/p>\n<p><strong><u>KATEGORIA 2<\/u><\/strong><\/p>\n<p><strong>I miejsce <\/strong><\/p>\n<p><strong>Lilianna D\u0105browska<\/strong> \u2013 Szko\u0142a Podstawowa nr 48 w Sosnowcu<\/p>\n<p><strong>II miejsce:<\/strong><\/p>\n<p><strong>Milena Papiernik<\/strong> \u2013 Szko\u0142a Podstawowa nr 8 w Sosnowcu<\/p>\n<p>&nbsp;<\/p>\n<p><strong><u>KATEGORIA 3<\/u><\/strong><\/p>\n<p><strong>I miejsce<\/strong><\/p>\n<p><strong>Dominika Walczy\u0144ska<\/strong> \u2013 I Liceum Og\u00f3lnokszta\u0142c\u0105ce im. Miko\u0142aja Kopernika w B\u0119dzinie<\/p>\n<p><strong>II miejsce<\/strong><\/p>\n<p><strong>Natalia Podsiad\u0142o i Maria Babiarska<\/strong> \u2013 IX Liceum Og\u00f3lnokszta\u0142c\u0105ce im Wis\u0142awy Szymborskiej w Sosnowcu<\/p>\n<p>&nbsp;<\/p>\n<p><strong>GRATULUJEMY!!!<\/strong><\/p>\n<p>&nbsp;<\/p>\n<p><img loading=\"lazy\" decoding=\"async\" class=\"aligncenter size-full wp-image-16620\" src=\"https:\/\/serwer1476418.home.pl\/new\/wp-content\/uploads\/2025\/03\/20250326_105952.jpg\" alt=\"\" width=\"750\" height=\"1027\" srcset=\"https:\/\/serwer1476418.home.pl\/new\/wp-content\/uploads\/2025\/03\/20250326_105952.jpg 750w, https:\/\/serwer1476418.home.pl\/new\/wp-content\/uploads\/2025\/03\/20250326_105952-219x300.jpg 219w, https:\/\/serwer1476418.home.pl\/new\/wp-content\/uploads\/2025\/03\/20250326_105952-748x1024.jpg 748w\" sizes=\"auto, (max-width: 750px) 100vw, 750px\" \/><\/p>\n<p>&nbsp;<\/p>\n<p>Wszystkim uczestnikom sk\u0142adamy serdeczne podzi\u0119kowania za wzi\u0119cie udzia\u0142u w naszym konkursie oraz gratulujemy talentu, umuzykalnienia i odwagi!<\/p>\n<p>Dzi\u0119kujemy r\u00f3wnie\u017c opiekunom uczni\u00f3w za zaanga\u017cowanie i wspania\u0142e przygotowanie m\u0142odzie\u017cy.<\/p>\n<p>&nbsp;<\/p>\n<p><img loading=\"lazy\" decoding=\"async\" class=\"aligncenter wp-image-16625\" src=\"https:\/\/serwer1476418.home.pl\/new\/wp-content\/uploads\/2025\/03\/20250326_104810.jpg\" alt=\"\" width=\"892\" height=\"501\" srcset=\"https:\/\/serwer1476418.home.pl\/new\/wp-content\/uploads\/2025\/03\/20250326_104810.jpg 1000w, https:\/\/serwer1476418.home.pl\/new\/wp-content\/uploads\/2025\/03\/20250326_104810-300x169.jpg 300w, https:\/\/serwer1476418.home.pl\/new\/wp-content\/uploads\/2025\/03\/20250326_104810-768x432.jpg 768w\" sizes=\"auto, (max-width: 892px) 100vw, 892px\" \/><\/p>\n<p>&nbsp;<\/p>\n<p>Szczeg\u00f3lne podzi\u0119kowania sk\u0142adamy Panu Prezydentowi Arkadiuszowi Ch\u0119ci\u0144skiemu za obj\u0119cie Honorowym Patronatem naszego jubileuszowego wydarzenia.<\/p>\n<p>Pragniemy podzi\u0119kowa\u0107 naszej niezast\u0105pionej Radzie Rodzic\u00f3w za wsparcie finansowe oraz ufundowanie nagr\u00f3d w konkursie.<\/p>\n<p><strong>ZAPRASZAMY DO KOLEJNEJ EDYCJI WOJEW\u00d3DZKIEGO KONKURSU PIOSENKI W\u0141OSKIEJ!<\/strong><\/p>\n<p><strong>&nbsp;<\/strong>Do zobaczenia za rok!<\/p>\n<p>&nbsp;<\/p>\n<h1><span style=\"color: #339966;\"><strong>VIVA<\/strong><\/span><strong><span style=\"color: #333333;\"> LA<\/span> <span style=\"color: #ff0000;\">MUSICA!<\/span><\/strong><\/h1>\n<p>&nbsp;<\/p>\n<p>Organizatorzy<\/p>\n<p>Ewa Wolczyk, Mariusz M\u0105czka<\/p>\n","protected":false},"excerpt":{"rendered":"<p>W dniu 26 marca br. w naszej szkole odby\u0142 si\u0119 jubileuszowy I WOJEW\u00d3DZKI KONKURS PIOSENKI W\u0141OSKIEJ \u201eCANZONI D\u2019ITALIA\u201d &nbsp; Do udzia\u0142u w konkursie zg\u0142osili si\u0119 uczniowie szk\u00f3\u0142 podstawowych oraz lice\u00f3w z Sosnowca, D\u0105browy G\u00f3rniczej, B\u0119dzina oraz Katowic w trzech kategoriach wiekowych: Kategoria 1 \u2013 klasy I \u2013 III SP Kategoria 2 \u2013 klasy IV \u2013 [&hellip;]<\/p>\n","protected":false},"author":9,"featured_media":0,"comment_status":"closed","ping_status":"open","sticky":false,"template":"","format":"standard","meta":{"ngg_post_thumbnail":0,"footnotes":"","_links_to":"","_links_to_target":""},"categories":[4],"tags":[],"class_list":["post-16613","post","type-post","status-publish","format-standard","hentry","category-news"],"_links":{"self":[{"href":"https:\/\/www.prus.sosnowiec.pl\/index.php\/wp-json\/wp\/v2\/posts\/16613","targetHints":{"allow":["GET"]}}],"collection":[{"href":"https:\/\/www.prus.sosnowiec.pl\/index.php\/wp-json\/wp\/v2\/posts"}],"about":[{"href":"https:\/\/www.prus.sosnowiec.pl\/index.php\/wp-json\/wp\/v2\/types\/post"}],"author":[{"embeddable":true,"href":"https:\/\/www.prus.sosnowiec.pl\/index.php\/wp-json\/wp\/v2\/users\/9"}],"replies":[{"embeddable":true,"href":"https:\/\/www.prus.sosnowiec.pl\/index.php\/wp-json\/wp\/v2\/comments?post=16613"}],"version-history":[{"count":11,"href":"https:\/\/www.prus.sosnowiec.pl\/index.php\/wp-json\/wp\/v2\/posts\/16613\/revisions"}],"predecessor-version":[{"id":16628,"href":"https:\/\/www.prus.sosnowiec.pl\/index.php\/wp-json\/wp\/v2\/posts\/16613\/revisions\/16628"}],"wp:attachment":[{"href":"https:\/\/www.prus.sosnowiec.pl\/index.php\/wp-json\/wp\/v2\/media?parent=16613"}],"wp:term":[{"taxonomy":"category","embeddable":true,"href":"https:\/\/www.prus.sosnowiec.pl\/index.php\/wp-json\/wp\/v2\/categories?post=16613"},{"taxonomy":"post_tag","embeddable":true,"href":"https:\/\/www.prus.sosnowiec.pl\/index.php\/wp-json\/wp\/v2\/tags?post=16613"}],"curies":[{"name":"wp","href":"https:\/\/api.w.org\/{rel}","templated":true}]}}