{"id":17146,"date":"2025-05-18T14:24:22","date_gmt":"2025-05-18T12:24:22","guid":{"rendered":"https:\/\/www.prus.sosnowiec.pl\/?p=17146"},"modified":"2025-05-18T14:24:22","modified_gmt":"2025-05-18T12:24:22","slug":"3-miejsce-liga-klubow-slaskich","status":"publish","type":"post","link":"https:\/\/www.prus.sosnowiec.pl\/index.php\/2025\/05\/18\/3-miejsce-liga-klubow-slaskich\/","title":{"rendered":"3 miejsce Liga Klub\u00f3w \u015al\u0105skich"},"content":{"rendered":"<div dir=\"auto\">Sukces naszej uczennicy<img loading=\"lazy\" decoding=\"async\" class=\"CToWUd\" src=\"https:\/\/ci3.googleusercontent.com\/meips\/ADKq_Naj6bt--HAhxg0sNxaopzCgq2-xbiO_gTDDt67SH07RhROzJ27m2i3GVqGNJfiTJ-Jceno6RuO1SagzqV-GOrAvuY8rlZrGw0I4j73WszYusIrYifs_Qgw=s0-d-e1-ft#https:\/\/static.xx.fbcdn.net\/images\/emoji.php\/v9\/tce\/1\/16\/1f600.png\" alt=\"\ud83d\ude00\" width=\"16\" height=\"16\" data-bit=\"iit\"><\/div>\n<div dir=\"auto\">Oliwka Famu\u0142a&nbsp;<img loading=\"lazy\" decoding=\"async\" class=\"CToWUd\" src=\"https:\/\/ci3.googleusercontent.com\/meips\/ADKq_NaunH0tVxUKpJZJBIlv7N93_slu5r7cqlgumOJstblRne554sh8UgGv5wl7RMg5vJ-QVDXqxdhw0o7sDQIAf843KUErsnBtiP-ztjCOgk8s_QgZmjAv0WOda105WWK8EDFo=s0-d-e1-ft#https:\/\/static.xx.fbcdn.net\/images\/emoji.php\/v9\/t57\/1\/16\/1f3ca_200d_2640.png\" alt=\"\ud83c\udfca\u200d\u2640\ufe0f\" width=\"16\" height=\"16\" data-bit=\"iit\">3 miejsce Liga Klub\u00f3w \u015al\u0105skich Fina\u0142,<\/div>\n<div dir=\"auto\">w&nbsp;kategorii sztafeta mieszana 8 x 50 m stylem dowolnym wraz<\/div>\n<div dir=\"auto\">z Uczniowskim Klubem Sportowym Huragan Sosnowiec.<\/div>\n<div dir=\"auto\">Gratulacje<img loading=\"lazy\" decoding=\"async\" class=\"CToWUd\" src=\"https:\/\/ci3.googleusercontent.com\/meips\/ADKq_NbkjV-yhy3W9NtRCGLWnDye3WMTdEUt0499JXhX-Oiw4Z342P3QN9DBHpwDcm3dbneg_ySs-MMe5RyR2cMr-AAczL4xUunp_fsykuBWnhPqH5t0gB0tgHk=s0-d-e1-ft#https:\/\/static.xx.fbcdn.net\/images\/emoji.php\/v9\/tfc\/1\/16\/1f44d.png\" alt=\"\ud83d\udc4d\" width=\"16\" height=\"16\" data-bit=\"iit\"><\/div>\n<div dir=\"auto\">&nbsp;<\/div>\n<div dir=\"auto\"><img loading=\"lazy\" decoding=\"async\" class=\"alignnone size-full wp-image-17147\" src=\"https:\/\/serwer1476418.home.pl\/new\/wp-content\/uploads\/2025\/05\/image0000001.jpg\" alt=\"\" width=\"1287\" height=\"1200\" srcset=\"https:\/\/serwer1476418.home.pl\/new\/wp-content\/uploads\/2025\/05\/image0000001.jpg 1287w, https:\/\/serwer1476418.home.pl\/new\/wp-content\/uploads\/2025\/05\/image0000001-300x280.jpg 300w, https:\/\/serwer1476418.home.pl\/new\/wp-content\/uploads\/2025\/05\/image0000001-1024x955.jpg 1024w, https:\/\/serwer1476418.home.pl\/new\/wp-content\/uploads\/2025\/05\/image0000001-768x716.jpg 768w\" sizes=\"auto, (max-width: 1287px) 100vw, 1287px\" \/><\/div>\n","protected":false},"excerpt":{"rendered":"<p>Sukces naszej uczennicy Oliwka Famu\u0142a&nbsp;3 miejsce Liga Klub\u00f3w \u015al\u0105skich Fina\u0142, w&nbsp;kategorii sztafeta mieszana 8 x 50 m stylem dowolnym wraz z Uczniowskim Klubem Sportowym Huragan Sosnowiec. Gratulacje &nbsp;<\/p>\n","protected":false},"author":10,"featured_media":0,"comment_status":"closed","ping_status":"open","sticky":false,"template":"","format":"standard","meta":{"ngg_post_thumbnail":0,"footnotes":"","_links_to":"","_links_to_target":""},"categories":[4],"tags":[],"class_list":["post-17146","post","type-post","status-publish","format-standard","hentry","category-news"],"_links":{"self":[{"href":"https:\/\/www.prus.sosnowiec.pl\/index.php\/wp-json\/wp\/v2\/posts\/17146","targetHints":{"allow":["GET"]}}],"collection":[{"href":"https:\/\/www.prus.sosnowiec.pl\/index.php\/wp-json\/wp\/v2\/posts"}],"about":[{"href":"https:\/\/www.prus.sosnowiec.pl\/index.php\/wp-json\/wp\/v2\/types\/post"}],"author":[{"embeddable":true,"href":"https:\/\/www.prus.sosnowiec.pl\/index.php\/wp-json\/wp\/v2\/users\/10"}],"replies":[{"embeddable":true,"href":"https:\/\/www.prus.sosnowiec.pl\/index.php\/wp-json\/wp\/v2\/comments?post=17146"}],"version-history":[{"count":1,"href":"https:\/\/www.prus.sosnowiec.pl\/index.php\/wp-json\/wp\/v2\/posts\/17146\/revisions"}],"predecessor-version":[{"id":17148,"href":"https:\/\/www.prus.sosnowiec.pl\/index.php\/wp-json\/wp\/v2\/posts\/17146\/revisions\/17148"}],"wp:attachment":[{"href":"https:\/\/www.prus.sosnowiec.pl\/index.php\/wp-json\/wp\/v2\/media?parent=17146"}],"wp:term":[{"taxonomy":"category","embeddable":true,"href":"https:\/\/www.prus.sosnowiec.pl\/index.php\/wp-json\/wp\/v2\/categories?post=17146"},{"taxonomy":"post_tag","embeddable":true,"href":"https:\/\/www.prus.sosnowiec.pl\/index.php\/wp-json\/wp\/v2\/tags?post=17146"}],"curies":[{"name":"wp","href":"https:\/\/api.w.org\/{rel}","templated":true}]}}