{"id":17209,"date":"2025-05-22T14:55:06","date_gmt":"2025-05-22T12:55:06","guid":{"rendered":"https:\/\/www.prus.sosnowiec.pl\/?p=17209"},"modified":"2025-05-22T15:13:11","modified_gmt":"2025-05-22T13:13:11","slug":"uczniowie-naszej-szkoly-na-euroweek","status":"publish","type":"post","link":"https:\/\/www.prus.sosnowiec.pl\/index.php\/2025\/05\/22\/uczniowie-naszej-szkoly-na-euroweek\/","title":{"rendered":"Uczniowie naszej szko\u0142y na Euroweek"},"content":{"rendered":"<p>W dniach&nbsp;<strong>8\u201312 maja<\/strong>&nbsp;uczniowie klas&nbsp;<strong>5a, 5b, 6a, 7a i 7b<\/strong>&nbsp;wzi\u0119li udzia\u0142 w wyj\u0105tkowym projekcie edukacyjnym&nbsp;<strong>Euroweek <\/strong> w Dusznikach Zdroju. W wyje\u017adzie uczestniczy\u0142o&nbsp;<strong>34 uczni\u00f3w<\/strong>, kt\u00f3rzy pod opiek\u0105 nauczycieli rozwijali swoje umiej\u0119tno\u015bci j\u0119zykowe, interpersonalne i przyw\u00f3dcze poprzez kreatywne warsztaty prowadzone przez wolontariuszy z r\u00f3\u017cnych zak\u0105tk\u00f3w \u015bwiata.&nbsp;<\/p>\n<p>Euroweek to mi\u0119dzynarodowy program, kt\u00f3ry \u0142\u0105czy nauk\u0119 j\u0119zyka angielskiego z rozwijaniem kompetencji spo\u0142ecznych. Uczestnicy bior\u0105 udzia\u0142 w grach integracyjnych, debatach, prezentacjach i projektach zespo\u0142owych, prowadzonych przez m\u0142odych ludzi. Podczas naszego wyjazdu poznali\u015bmy wolontariuszy z Indonezji, Gruzji i Peru.<\/p>\n<p class=\"ds-markdown-paragraph\">To ju\u017c&nbsp;<strong>kolejny raz<\/strong>, gdy nasza szko\u0142a uczestniczy\u0142a w tym niezwyk\u0142ym projekcie. Poprzednie wyjazdy cieszy\u0142y si\u0119 ogromnym zainteresowaniem, a tegoroczna edycja tylko potwierdzi\u0142a, jak wiele korzy\u015bci daje Euroweek.<\/p>\n<p class=\"ds-markdown-paragraph\">Dobra wiadomo\u015b\u0107 dla tych, kt\u00f3rzy nie zd\u0105\u017cyli w maju \u2013&nbsp;<strong>kolejna edycja odb\u0119dzie si\u0119 w listopadzie 2025 roku!<\/strong>&nbsp;Ju\u017c teraz zach\u0119camy do \u015bledzenia informacji i zg\u0142aszania ch\u0119ci udzia\u0142u.<\/p>\nngg_shortcode_0_placeholder\n","protected":false},"excerpt":{"rendered":"<p>W dniach&nbsp;8\u201312 maja&nbsp;uczniowie klas&nbsp;5a, 5b, 6a, 7a i 7b&nbsp;wzi\u0119li udzia\u0142 w wyj\u0105tkowym projekcie edukacyjnym&nbsp;Euroweek w Dusznikach Zdroju. W wyje\u017adzie uczestniczy\u0142o&nbsp;34 uczni\u00f3w, kt\u00f3rzy pod opiek\u0105 nauczycieli rozwijali swoje umiej\u0119tno\u015bci j\u0119zykowe, interpersonalne i przyw\u00f3dcze poprzez kreatywne warsztaty prowadzone przez wolontariuszy z r\u00f3\u017cnych zak\u0105tk\u00f3w \u015bwiata.&nbsp; Euroweek to mi\u0119dzynarodowy program, kt\u00f3ry \u0142\u0105czy nauk\u0119 j\u0119zyka angielskiego z rozwijaniem kompetencji spo\u0142ecznych. [&hellip;]<\/p>\n","protected":false},"author":9,"featured_media":0,"comment_status":"closed","ping_status":"open","sticky":false,"template":"","format":"standard","meta":{"ngg_post_thumbnail":0,"footnotes":"","_links_to":"","_links_to_target":""},"categories":[4],"tags":[],"class_list":["post-17209","post","type-post","status-publish","format-standard","hentry","category-news"],"_links":{"self":[{"href":"https:\/\/www.prus.sosnowiec.pl\/index.php\/wp-json\/wp\/v2\/posts\/17209","targetHints":{"allow":["GET"]}}],"collection":[{"href":"https:\/\/www.prus.sosnowiec.pl\/index.php\/wp-json\/wp\/v2\/posts"}],"about":[{"href":"https:\/\/www.prus.sosnowiec.pl\/index.php\/wp-json\/wp\/v2\/types\/post"}],"author":[{"embeddable":true,"href":"https:\/\/www.prus.sosnowiec.pl\/index.php\/wp-json\/wp\/v2\/users\/9"}],"replies":[{"embeddable":true,"href":"https:\/\/www.prus.sosnowiec.pl\/index.php\/wp-json\/wp\/v2\/comments?post=17209"}],"version-history":[{"count":4,"href":"https:\/\/www.prus.sosnowiec.pl\/index.php\/wp-json\/wp\/v2\/posts\/17209\/revisions"}],"predecessor-version":[{"id":17221,"href":"https:\/\/www.prus.sosnowiec.pl\/index.php\/wp-json\/wp\/v2\/posts\/17209\/revisions\/17221"}],"wp:attachment":[{"href":"https:\/\/www.prus.sosnowiec.pl\/index.php\/wp-json\/wp\/v2\/media?parent=17209"}],"wp:term":[{"taxonomy":"category","embeddable":true,"href":"https:\/\/www.prus.sosnowiec.pl\/index.php\/wp-json\/wp\/v2\/categories?post=17209"},{"taxonomy":"post_tag","embeddable":true,"href":"https:\/\/www.prus.sosnowiec.pl\/index.php\/wp-json\/wp\/v2\/tags?post=17209"}],"curies":[{"name":"wp","href":"https:\/\/api.w.org\/{rel}","templated":true}]}}