{"id":17247,"date":"2025-05-23T12:18:24","date_gmt":"2025-05-23T10:18:24","guid":{"rendered":"https:\/\/www.prus.sosnowiec.pl\/?p=17247"},"modified":"2025-05-23T12:18:24","modified_gmt":"2025-05-23T10:18:24","slug":"innowacja-kodowanie-na-dywanie","status":"publish","type":"post","link":"https:\/\/www.prus.sosnowiec.pl\/index.php\/2025\/05\/23\/innowacja-kodowanie-na-dywanie\/","title":{"rendered":"Innowacja \u201eKodowanie na Dywanie\u201d"},"content":{"rendered":"<div>\n<div dir=\"auto\"><img loading=\"lazy\" decoding=\"async\" class=\"CToWUd\" src=\"https:\/\/ci3.googleusercontent.com\/meips\/ADKq_NbdrIa6DblIUBqcOvqEJ_UvSTE3EOeRCrqVgNBD43p4Eq0Dc6q-hR1KqKn7yutRcxeF__AxEuiNVQXyb2fJ1TVCf12_2QrtKzQeqluX3uAx6Vo6dAUU5I4=s0-d-e1-ft#https:\/\/static.xx.fbcdn.net\/images\/emoji.php\/v9\/ted\/1\/16\/1f4ab.png\" alt=\"\ud83d\udcab\" width=\"16\" height=\"16\" data-bit=\"iit\">umiej\u0119tno\u015bci logicznego, algorytmicznego my\u015blenia oraz zadaniowe podej\u015bcia do problem\u00f3w,<\/div>\n<div dir=\"auto\"><img loading=\"lazy\" decoding=\"async\" class=\"CToWUd\" src=\"https:\/\/ci3.googleusercontent.com\/meips\/ADKq_NbdrIa6DblIUBqcOvqEJ_UvSTE3EOeRCrqVgNBD43p4Eq0Dc6q-hR1KqKn7yutRcxeF__AxEuiNVQXyb2fJ1TVCf12_2QrtKzQeqluX3uAx6Vo6dAUU5I4=s0-d-e1-ft#https:\/\/static.xx.fbcdn.net\/images\/emoji.php\/v9\/ted\/1\/16\/1f4ab.png\" alt=\"\ud83d\udcab\" width=\"16\" height=\"16\" data-bit=\"iit\">koordynacja wzrokowo-ruchowa,<\/div>\n<div dir=\"auto\"><img loading=\"lazy\" decoding=\"async\" class=\"CToWUd\" src=\"https:\/\/ci3.googleusercontent.com\/meips\/ADKq_NbdrIa6DblIUBqcOvqEJ_UvSTE3EOeRCrqVgNBD43p4Eq0Dc6q-hR1KqKn7yutRcxeF__AxEuiNVQXyb2fJ1TVCf12_2QrtKzQeqluX3uAx6Vo6dAUU5I4=s0-d-e1-ft#https:\/\/static.xx.fbcdn.net\/images\/emoji.php\/v9\/ted\/1\/16\/1f4ab.png\" alt=\"\ud83d\udcab\" width=\"16\" height=\"16\" data-bit=\"iit\">&nbsp;integracja obup\u00f3kulowa m\u00f3zgu, refleks i spostrzegawczo\u015b\u0107 i wreszcie<\/div>\n<div dir=\"auto\"><img loading=\"lazy\" decoding=\"async\" class=\"CToWUd\" src=\"https:\/\/ci3.googleusercontent.com\/meips\/ADKq_NbdrIa6DblIUBqcOvqEJ_UvSTE3EOeRCrqVgNBD43p4Eq0Dc6q-hR1KqKn7yutRcxeF__AxEuiNVQXyb2fJ1TVCf12_2QrtKzQeqluX3uAx6Vo6dAUU5I4=s0-d-e1-ft#https:\/\/static.xx.fbcdn.net\/images\/emoji.php\/v9\/ted\/1\/16\/1f4ab.png\" alt=\"\ud83d\udcab\" width=\"16\" height=\"16\" data-bit=\"iit\">&nbsp;koncentracja\u2026<\/div>\n<div dir=\"auto\">To \u0107wiczenia uczni\u00f3w klasy 2a SP &#8211; jedne z wielu Innowacji pedagogicznej \u201eKodowanie na dywanie\u201d. Zagadnienia brzmi\u0105 powa\u017cnie i okaza\u0142o si\u0119, \u017ce wykonanie ich r\u00f3wnie\u017c nie jest takie<\/div>\n<div dir=\"auto\">proste. Ale !!! nie ma rzeczy niemo\u017cliwych , je\u015bli si\u0119 tylko chce, bo &#8222;Wszystko jest mo\u017cliwe&#8221; .<\/div>\n<div dir=\"auto\"><img loading=\"lazy\" decoding=\"async\" class=\"CToWUd\" src=\"https:\/\/ci3.googleusercontent.com\/meips\/ADKq_Naj6bt--HAhxg0sNxaopzCgq2-xbiO_gTDDt67SH07RhROzJ27m2i3GVqGNJfiTJ-Jceno6RuO1SagzqV-GOrAvuY8rlZrGw0I4j73WszYusIrYifs_Qgw=s0-d-e1-ft#https:\/\/static.xx.fbcdn.net\/images\/emoji.php\/v9\/tce\/1\/16\/1f600.png\" alt=\"\ud83d\ude00\" width=\"16\" height=\"16\" data-bit=\"iit\">To zwrot, kt\u00f3ry wyra\u017ca optymizm i wiar\u0119 w osi\u0105gni\u0119cie cel\u00f3w, nawet tych trudnych. Mo\u017ce te\u017c oznacza\u0107, \u017ce jedynym ograniczeniem w \u017cyciu s\u0105 nasze w\u0142asne przekonania i my\u015bl, a po prostu trzeba w to wierzy\u0107 !<\/div>\n<div dir=\"auto\">Tak te\u017c si\u0119 sta\u0142o \u2013 wystarczy\u0142o uwierzy\u0107 w siebie, a lekcja okaza\u0142a si\u0119 przyjemna i po\u017cyteczna zarazem.<\/div>\n<div dir=\"auto\">Jeszcze do niej wr\u00f3cimy<\/div>\n<\/div>\n<div>Sylwia Jedziniak<\/div>\n<div>&nbsp;<\/div>\n<div>ngg_shortcode_0_placeholder<\/div>\n","protected":false},"excerpt":{"rendered":"<p>umiej\u0119tno\u015bci logicznego, algorytmicznego my\u015blenia oraz zadaniowe podej\u015bcia do problem\u00f3w, koordynacja wzrokowo-ruchowa, &nbsp;integracja obup\u00f3kulowa m\u00f3zgu, refleks i spostrzegawczo\u015b\u0107 i wreszcie &nbsp;koncentracja\u2026 To \u0107wiczenia uczni\u00f3w klasy 2a SP &#8211; jedne z wielu Innowacji pedagogicznej \u201eKodowanie na dywanie\u201d. Zagadnienia brzmi\u0105 powa\u017cnie i okaza\u0142o si\u0119, \u017ce wykonanie ich r\u00f3wnie\u017c nie jest takie proste. Ale !!! nie ma rzeczy niemo\u017cliwych [&hellip;]<\/p>\n","protected":false},"author":9,"featured_media":0,"comment_status":"closed","ping_status":"open","sticky":false,"template":"","format":"standard","meta":{"ngg_post_thumbnail":0,"footnotes":"","_links_to":"","_links_to_target":""},"categories":[4],"tags":[],"class_list":["post-17247","post","type-post","status-publish","format-standard","hentry","category-news"],"_links":{"self":[{"href":"https:\/\/www.prus.sosnowiec.pl\/index.php\/wp-json\/wp\/v2\/posts\/17247","targetHints":{"allow":["GET"]}}],"collection":[{"href":"https:\/\/www.prus.sosnowiec.pl\/index.php\/wp-json\/wp\/v2\/posts"}],"about":[{"href":"https:\/\/www.prus.sosnowiec.pl\/index.php\/wp-json\/wp\/v2\/types\/post"}],"author":[{"embeddable":true,"href":"https:\/\/www.prus.sosnowiec.pl\/index.php\/wp-json\/wp\/v2\/users\/9"}],"replies":[{"embeddable":true,"href":"https:\/\/www.prus.sosnowiec.pl\/index.php\/wp-json\/wp\/v2\/comments?post=17247"}],"version-history":[{"count":1,"href":"https:\/\/www.prus.sosnowiec.pl\/index.php\/wp-json\/wp\/v2\/posts\/17247\/revisions"}],"predecessor-version":[{"id":17253,"href":"https:\/\/www.prus.sosnowiec.pl\/index.php\/wp-json\/wp\/v2\/posts\/17247\/revisions\/17253"}],"wp:attachment":[{"href":"https:\/\/www.prus.sosnowiec.pl\/index.php\/wp-json\/wp\/v2\/media?parent=17247"}],"wp:term":[{"taxonomy":"category","embeddable":true,"href":"https:\/\/www.prus.sosnowiec.pl\/index.php\/wp-json\/wp\/v2\/categories?post=17247"},{"taxonomy":"post_tag","embeddable":true,"href":"https:\/\/www.prus.sosnowiec.pl\/index.php\/wp-json\/wp\/v2\/tags?post=17247"}],"curies":[{"name":"wp","href":"https:\/\/api.w.org\/{rel}","templated":true}]}}