{"id":17255,"date":"2025-05-23T15:45:39","date_gmt":"2025-05-23T13:45:39","guid":{"rendered":"https:\/\/www.prus.sosnowiec.pl\/?p=17255"},"modified":"2025-05-23T15:45:43","modified_gmt":"2025-05-23T13:45:43","slug":"wszystkie-dzieci-nasze-sa-proba-bicia-rekordu","status":"publish","type":"post","link":"https:\/\/www.prus.sosnowiec.pl\/index.php\/2025\/05\/23\/wszystkie-dzieci-nasze-sa-proba-bicia-rekordu\/","title":{"rendered":"\u201eWszystkie dzieci nasze s\u0105\u201d &#8211; pr\u00f3ba bicia rekordu"},"content":{"rendered":"<p>W dniu 20.05.2025 t.j.&nbsp; wtorek w naszej szkole odby\u0142o si\u0119 wyj\u0105tkowe wydarzenie \u2013 <strong>pr\u00f3ba pobicia rekordu w najwi\u0119kszej liczbie os\u00f3b \u015bpiewaj\u0105cych jednocze\u015bnie piosenk\u0119 autorstwa Jacka Cygana \u201eWszystkie dzieci nasze s\u0105\u201d<\/strong>.<\/p>\n<p>W wydarzeniu wzi\u0119\u0142o udzia\u0142 kilkaset uczni\u00f3w, nauczycieli. Inicjatywa mia\u0142a na celu nie tylko ustanowienie lokalnego rekordu, ale r\u00f3wnie\u017c promowanie warto\u015bci takich jak wsp\u00f3lnota, integracja i rado\u015b\u0107 ze wsp\u00f3lnego muzykowania.<\/p>\n<p>Piosenka \u201eWszystkie dzieci nasze s\u0105\u201d, znana i lubiana przez pokolenia Polak\u00f3w, rozbrzmiewa\u0142a g\u0142o\u015bno i rado\u015bnie na nowej hali sportowej. Wszyscy uczestnicy \u015bpiewali z zaanga\u017cowaniem, tworz\u0105c niepowtarzaln\u0105 atmosfer\u0119 i pokazuj\u0105c, \u017ce muzyka naprawd\u0119 \u0142\u0105czy ludzi.<\/p>\n<p>Dzi\u0119kujemy \u017ce z nami byli\u015bcie !!!<\/p>\n<p>Monika Jeli\u0144ska<\/p>\nngg_shortcode_0_placeholder\n","protected":false},"excerpt":{"rendered":"<p>W dniu 20.05.2025 t.j.&nbsp; wtorek w naszej szkole odby\u0142o si\u0119 wyj\u0105tkowe wydarzenie \u2013 pr\u00f3ba pobicia rekordu w najwi\u0119kszej liczbie os\u00f3b \u015bpiewaj\u0105cych jednocze\u015bnie piosenk\u0119 autorstwa Jacka Cygana \u201eWszystkie dzieci nasze s\u0105\u201d. W wydarzeniu wzi\u0119\u0142o udzia\u0142 kilkaset uczni\u00f3w, nauczycieli. Inicjatywa mia\u0142a na celu nie tylko ustanowienie lokalnego rekordu, ale r\u00f3wnie\u017c promowanie warto\u015bci takich jak wsp\u00f3lnota, integracja i [&hellip;]<\/p>\n","protected":false},"author":9,"featured_media":0,"comment_status":"closed","ping_status":"open","sticky":false,"template":"","format":"standard","meta":{"ngg_post_thumbnail":0,"footnotes":"","_links_to":"","_links_to_target":""},"categories":[4],"tags":[],"class_list":["post-17255","post","type-post","status-publish","format-standard","hentry","category-news"],"_links":{"self":[{"href":"https:\/\/www.prus.sosnowiec.pl\/index.php\/wp-json\/wp\/v2\/posts\/17255","targetHints":{"allow":["GET"]}}],"collection":[{"href":"https:\/\/www.prus.sosnowiec.pl\/index.php\/wp-json\/wp\/v2\/posts"}],"about":[{"href":"https:\/\/www.prus.sosnowiec.pl\/index.php\/wp-json\/wp\/v2\/types\/post"}],"author":[{"embeddable":true,"href":"https:\/\/www.prus.sosnowiec.pl\/index.php\/wp-json\/wp\/v2\/users\/9"}],"replies":[{"embeddable":true,"href":"https:\/\/www.prus.sosnowiec.pl\/index.php\/wp-json\/wp\/v2\/comments?post=17255"}],"version-history":[{"count":1,"href":"https:\/\/www.prus.sosnowiec.pl\/index.php\/wp-json\/wp\/v2\/posts\/17255\/revisions"}],"predecessor-version":[{"id":17259,"href":"https:\/\/www.prus.sosnowiec.pl\/index.php\/wp-json\/wp\/v2\/posts\/17255\/revisions\/17259"}],"wp:attachment":[{"href":"https:\/\/www.prus.sosnowiec.pl\/index.php\/wp-json\/wp\/v2\/media?parent=17255"}],"wp:term":[{"taxonomy":"category","embeddable":true,"href":"https:\/\/www.prus.sosnowiec.pl\/index.php\/wp-json\/wp\/v2\/categories?post=17255"},{"taxonomy":"post_tag","embeddable":true,"href":"https:\/\/www.prus.sosnowiec.pl\/index.php\/wp-json\/wp\/v2\/tags?post=17255"}],"curies":[{"name":"wp","href":"https:\/\/api.w.org\/{rel}","templated":true}]}}