{"id":17260,"date":"2025-05-24T07:43:04","date_gmt":"2025-05-24T05:43:04","guid":{"rendered":"https:\/\/www.prus.sosnowiec.pl\/?p=17260"},"modified":"2025-05-24T07:43:04","modified_gmt":"2025-05-24T05:43:04","slug":"zawody-sportowe","status":"publish","type":"post","link":"https:\/\/www.prus.sosnowiec.pl\/index.php\/2025\/05\/24\/zawody-sportowe\/","title":{"rendered":"Zawody sportowe"},"content":{"rendered":"<div>Mi\u0142o nam poinformowa\u0107, \u017ce w kolejnych zawodach sportowych zdobyli\u015bmy III miejsce. Ka\u017cdy start i dobry wynik, to kolejne punkty w klasyfikacji generalnej na najbardziej usportowion\u0105 szko\u0142\u0119 w Sosnowcu. Liczymy na miejsce na pudle. Reprezentacja ch\u0142opc\u00f3w to: Jakub Jaworski, Le\u015bniak Franciszek , Piotrowicz Nataniel, Jabczy\u0144ski Alan i Cie\u015bla Olivier .&nbsp; Gratulujemy wyniku. Opiekun zespo\u0142u Grzegorz Janus<\/div>\n<div>&nbsp;<\/div>\n<div><img loading=\"lazy\" decoding=\"async\" class=\"alignnone size-full wp-image-17261\" src=\"https:\/\/serwer1476418.home.pl\/new\/wp-content\/uploads\/2025\/05\/11.jpg\" alt=\"\" width=\"1200\" height=\"1600\" srcset=\"https:\/\/serwer1476418.home.pl\/new\/wp-content\/uploads\/2025\/05\/11.jpg 1200w, https:\/\/serwer1476418.home.pl\/new\/wp-content\/uploads\/2025\/05\/11-225x300.jpg 225w, https:\/\/serwer1476418.home.pl\/new\/wp-content\/uploads\/2025\/05\/11-768x1024.jpg 768w, https:\/\/serwer1476418.home.pl\/new\/wp-content\/uploads\/2025\/05\/11-1152x1536.jpg 1152w\" sizes=\"auto, (max-width: 1200px) 100vw, 1200px\" \/> <img loading=\"lazy\" decoding=\"async\" class=\"alignnone size-full wp-image-17262\" src=\"https:\/\/serwer1476418.home.pl\/new\/wp-content\/uploads\/2025\/05\/22.jpg\" alt=\"\" width=\"1200\" height=\"1600\" srcset=\"https:\/\/serwer1476418.home.pl\/new\/wp-content\/uploads\/2025\/05\/22.jpg 1200w, https:\/\/serwer1476418.home.pl\/new\/wp-content\/uploads\/2025\/05\/22-225x300.jpg 225w, https:\/\/serwer1476418.home.pl\/new\/wp-content\/uploads\/2025\/05\/22-768x1024.jpg 768w, https:\/\/serwer1476418.home.pl\/new\/wp-content\/uploads\/2025\/05\/22-1152x1536.jpg 1152w\" sizes=\"auto, (max-width: 1200px) 100vw, 1200px\" \/><\/div>\n<div>&nbsp;<\/div>\n<div>&nbsp;<\/div>\n","protected":false},"excerpt":{"rendered":"<p>Mi\u0142o nam poinformowa\u0107, \u017ce w kolejnych zawodach sportowych zdobyli\u015bmy III miejsce. Ka\u017cdy start i dobry wynik, to kolejne punkty w klasyfikacji generalnej na najbardziej usportowion\u0105 szko\u0142\u0119 w Sosnowcu. Liczymy na miejsce na pudle. Reprezentacja ch\u0142opc\u00f3w to: Jakub Jaworski, Le\u015bniak Franciszek , Piotrowicz Nataniel, Jabczy\u0144ski Alan i Cie\u015bla Olivier .&nbsp; Gratulujemy wyniku. Opiekun zespo\u0142u Grzegorz Janus [&hellip;]<\/p>\n","protected":false},"author":10,"featured_media":0,"comment_status":"closed","ping_status":"open","sticky":false,"template":"","format":"standard","meta":{"ngg_post_thumbnail":0,"footnotes":"","_links_to":"","_links_to_target":""},"categories":[4],"tags":[],"class_list":["post-17260","post","type-post","status-publish","format-standard","hentry","category-news"],"_links":{"self":[{"href":"https:\/\/www.prus.sosnowiec.pl\/index.php\/wp-json\/wp\/v2\/posts\/17260","targetHints":{"allow":["GET"]}}],"collection":[{"href":"https:\/\/www.prus.sosnowiec.pl\/index.php\/wp-json\/wp\/v2\/posts"}],"about":[{"href":"https:\/\/www.prus.sosnowiec.pl\/index.php\/wp-json\/wp\/v2\/types\/post"}],"author":[{"embeddable":true,"href":"https:\/\/www.prus.sosnowiec.pl\/index.php\/wp-json\/wp\/v2\/users\/10"}],"replies":[{"embeddable":true,"href":"https:\/\/www.prus.sosnowiec.pl\/index.php\/wp-json\/wp\/v2\/comments?post=17260"}],"version-history":[{"count":1,"href":"https:\/\/www.prus.sosnowiec.pl\/index.php\/wp-json\/wp\/v2\/posts\/17260\/revisions"}],"predecessor-version":[{"id":17263,"href":"https:\/\/www.prus.sosnowiec.pl\/index.php\/wp-json\/wp\/v2\/posts\/17260\/revisions\/17263"}],"wp:attachment":[{"href":"https:\/\/www.prus.sosnowiec.pl\/index.php\/wp-json\/wp\/v2\/media?parent=17260"}],"wp:term":[{"taxonomy":"category","embeddable":true,"href":"https:\/\/www.prus.sosnowiec.pl\/index.php\/wp-json\/wp\/v2\/categories?post=17260"},{"taxonomy":"post_tag","embeddable":true,"href":"https:\/\/www.prus.sosnowiec.pl\/index.php\/wp-json\/wp\/v2\/tags?post=17260"}],"curies":[{"name":"wp","href":"https:\/\/api.w.org\/{rel}","templated":true}]}}