{"id":17309,"date":"2025-05-27T10:05:47","date_gmt":"2025-05-27T08:05:47","guid":{"rendered":"https:\/\/www.prus.sosnowiec.pl\/?p=17309"},"modified":"2025-05-27T10:16:11","modified_gmt":"2025-05-27T08:16:11","slug":"dzien-mamy","status":"publish","type":"post","link":"https:\/\/www.prus.sosnowiec.pl\/index.php\/2025\/05\/27\/dzien-mamy\/","title":{"rendered":"Dzie\u0144 mamy"},"content":{"rendered":"<div><strong>&#8222;Spotkanie z matk\u0105&#8221;<\/strong><br \/>\n<em>Matka \u2013 to najpi\u0119kniejsze s\u0142owo \u015bwiata,<\/em><br \/>\n<em>na ka\u017cdej ziemi, pod ka\u017cd\u0105 gwiazd\u0105.<\/em><br \/>\n<em>Matka \u2013 to znaczy: schronienie i si\u0142a,<\/em><br \/>\n<em>to znaczy: mi\u0142o\u015b\u0107, kt\u00f3ra wszystko wybacza.<\/em><\/div>\n<div>&nbsp;&nbsp;&nbsp;&nbsp;&nbsp;&nbsp;&nbsp;&nbsp;&nbsp;&nbsp;&nbsp;&nbsp;&nbsp;&nbsp;&nbsp;&nbsp;&nbsp;&nbsp;&nbsp;&nbsp;&nbsp;&nbsp;&nbsp;&nbsp;&nbsp;&nbsp;&nbsp;&nbsp;&nbsp;&nbsp;<wbr>&nbsp;&nbsp;&nbsp;&nbsp;&nbsp;&nbsp;&nbsp;&nbsp;&nbsp;&nbsp;&nbsp;&nbsp;&nbsp;&nbsp;&nbsp; Konstanty Ildefons Ga\u0142czy\u0144ski<\/div>\n<div>&nbsp;<\/div>\n<div>Z okazji Dnia Mamy w naszej klasie odby\u0142y si\u0119 wyj\u0105tkowe warsztaty, podczas kt\u00f3rych uczniowie z wielkim zaanga\u017cowaniem przygotowywali upominki dla swoich ukochanych mam. Podczas zaj\u0119\u0107 plastyczno-technicznych dzieci w\u0142asnor\u0119cznie wykona\u0142y kolorowe bransoletki oraz ozdobi\u0142y ekologiczne torby motywem kwiatowym \u2013 symbolem mi\u0142o\u015bci i wdzi\u0119czno\u015bci. Warsztaty przebieg\u0142y w radosnej atmosferze, pe\u0142nej u\u015bmiechu, kreatywno\u015bci i serdeczno\u015bci. Efektem pracy uczni\u00f3w by\u0142y pi\u0119kne, osobiste prezenty, kt\u00f3re z pewno\u015bci\u0105 sprawi\u0105 ich mamom wiele wzrusze\u0144 i rado\u015bci.<\/div>\n<div>&nbsp;<\/div>\n<div>KOCHANE MAMY WSZYSTKIEGO NAJLEPSZEGO !!!!<\/div>\n<div>&nbsp;<\/div>\n<div>Monika Jeli\u0144ska<\/div>\n<div>ngg_shortcode_0_placeholder<\/div>\n","protected":false},"excerpt":{"rendered":"<p>&#8222;Spotkanie z matk\u0105&#8221; Matka \u2013 to najpi\u0119kniejsze s\u0142owo \u015bwiata, na ka\u017cdej ziemi, pod ka\u017cd\u0105 gwiazd\u0105. Matka \u2013 to znaczy: schronienie i si\u0142a, to znaczy: mi\u0142o\u015b\u0107, kt\u00f3ra wszystko wybacza. &nbsp;&nbsp;&nbsp;&nbsp;&nbsp;&nbsp;&nbsp;&nbsp;&nbsp;&nbsp;&nbsp;&nbsp;&nbsp;&nbsp;&nbsp;&nbsp;&nbsp;&nbsp;&nbsp;&nbsp;&nbsp;&nbsp;&nbsp;&nbsp;&nbsp;&nbsp;&nbsp;&nbsp;&nbsp;&nbsp;&nbsp;&nbsp;&nbsp;&nbsp;&nbsp;&nbsp;&nbsp;&nbsp;&nbsp;&nbsp;&nbsp;&nbsp;&nbsp;&nbsp;&nbsp; Konstanty Ildefons Ga\u0142czy\u0144ski &nbsp; Z okazji Dnia Mamy w naszej klasie odby\u0142y si\u0119 wyj\u0105tkowe warsztaty, podczas kt\u00f3rych uczniowie z wielkim zaanga\u017cowaniem przygotowywali upominki dla swoich ukochanych [&hellip;]<\/p>\n","protected":false},"author":9,"featured_media":0,"comment_status":"closed","ping_status":"open","sticky":false,"template":"","format":"standard","meta":{"ngg_post_thumbnail":0,"footnotes":"","_links_to":"","_links_to_target":""},"categories":[4],"tags":[],"class_list":["post-17309","post","type-post","status-publish","format-standard","hentry","category-news"],"_links":{"self":[{"href":"https:\/\/www.prus.sosnowiec.pl\/index.php\/wp-json\/wp\/v2\/posts\/17309","targetHints":{"allow":["GET"]}}],"collection":[{"href":"https:\/\/www.prus.sosnowiec.pl\/index.php\/wp-json\/wp\/v2\/posts"}],"about":[{"href":"https:\/\/www.prus.sosnowiec.pl\/index.php\/wp-json\/wp\/v2\/types\/post"}],"author":[{"embeddable":true,"href":"https:\/\/www.prus.sosnowiec.pl\/index.php\/wp-json\/wp\/v2\/users\/9"}],"replies":[{"embeddable":true,"href":"https:\/\/www.prus.sosnowiec.pl\/index.php\/wp-json\/wp\/v2\/comments?post=17309"}],"version-history":[{"count":2,"href":"https:\/\/www.prus.sosnowiec.pl\/index.php\/wp-json\/wp\/v2\/posts\/17309\/revisions"}],"predecessor-version":[{"id":17317,"href":"https:\/\/www.prus.sosnowiec.pl\/index.php\/wp-json\/wp\/v2\/posts\/17309\/revisions\/17317"}],"wp:attachment":[{"href":"https:\/\/www.prus.sosnowiec.pl\/index.php\/wp-json\/wp\/v2\/media?parent=17309"}],"wp:term":[{"taxonomy":"category","embeddable":true,"href":"https:\/\/www.prus.sosnowiec.pl\/index.php\/wp-json\/wp\/v2\/categories?post=17309"},{"taxonomy":"post_tag","embeddable":true,"href":"https:\/\/www.prus.sosnowiec.pl\/index.php\/wp-json\/wp\/v2\/tags?post=17309"}],"curies":[{"name":"wp","href":"https:\/\/api.w.org\/{rel}","templated":true}]}}