{"id":17339,"date":"2025-05-28T12:11:45","date_gmt":"2025-05-28T10:11:45","guid":{"rendered":"https:\/\/www.prus.sosnowiec.pl\/?p=17339"},"modified":"2025-05-28T12:18:00","modified_gmt":"2025-05-28T10:18:00","slug":"dzieciaki-sadzeniaki-3","status":"publish","type":"post","link":"https:\/\/www.prus.sosnowiec.pl\/index.php\/2025\/05\/28\/dzieciaki-sadzeniaki-3\/","title":{"rendered":"Dzieciaki Sadzeniaki"},"content":{"rendered":"<p>Uczniowie klasy 2b uczestniczyli w warsztatach edukacyjnych pod has\u0142em&nbsp;<strong>&#8222;Dzieciaki Sadzeniaki&#8221;<\/strong>, podczas kt\u00f3rych mieli okazj\u0119 w teoretyczny i praktyczny spos\u00f3b pozna\u0107 zasady dbania i piel\u0119gnacji ro\u015blin. .<\/p>\n<p>Podczas zaj\u0119\u0107 uczestnicy dowiedzieli si\u0119, jak wa\u017cna jest troska o ro\u015bliny, jakie codzienne dzia\u0142ania mog\u0105 pom\u00f3c w jej ochronie. Dzieci pozna\u0142y rol\u0119 ro\u015blin w ekosystemie. W cz\u0119\u015bci praktycznej samodzielnie sadzi\u0142y ro\u015bliny, ucz\u0105c si\u0119 przy tym, jak o nie dba\u0107.<\/p>\n<p>Warsztaty by\u0142y \u015bwietn\u0105 okazj\u0105 do rozwijania ekologicznej \u015bwiadomo\u015bci najm\u0142odszych i pokaza\u0142y, \u017ce nawet ma\u0142e dzia\u0142ania, jak sadzenie ro\u015blin, mog\u0105 mie\u0107 du\u017cy wp\u0142yw na nasz\u0105 planet\u0119. Dzieci wr\u00f3ci\u0142y do dom\u00f3w z now\u0105 wiedz\u0105, u\u015bmiechem na twarzy i w\u0142asnor\u0119cznie posadzon\u0105 ro\u015blink\u0105.<\/p>\n<p>Monika Jeli\u0144ska&nbsp;<\/p>\nngg_shortcode_0_placeholder\n","protected":false},"excerpt":{"rendered":"<p>Uczniowie klasy 2b uczestniczyli w warsztatach edukacyjnych pod has\u0142em&nbsp;&#8222;Dzieciaki Sadzeniaki&#8221;, podczas kt\u00f3rych mieli okazj\u0119 w teoretyczny i praktyczny spos\u00f3b pozna\u0107 zasady dbania i piel\u0119gnacji ro\u015blin. . Podczas zaj\u0119\u0107 uczestnicy dowiedzieli si\u0119, jak wa\u017cna jest troska o ro\u015bliny, jakie codzienne dzia\u0142ania mog\u0105 pom\u00f3c w jej ochronie. Dzieci pozna\u0142y rol\u0119 ro\u015blin w ekosystemie. W cz\u0119\u015bci praktycznej samodzielnie [&hellip;]<\/p>\n","protected":false},"author":9,"featured_media":0,"comment_status":"closed","ping_status":"open","sticky":false,"template":"","format":"standard","meta":{"ngg_post_thumbnail":0,"footnotes":"","_links_to":"","_links_to_target":""},"categories":[4],"tags":[],"class_list":["post-17339","post","type-post","status-publish","format-standard","hentry","category-news"],"_links":{"self":[{"href":"https:\/\/www.prus.sosnowiec.pl\/index.php\/wp-json\/wp\/v2\/posts\/17339","targetHints":{"allow":["GET"]}}],"collection":[{"href":"https:\/\/www.prus.sosnowiec.pl\/index.php\/wp-json\/wp\/v2\/posts"}],"about":[{"href":"https:\/\/www.prus.sosnowiec.pl\/index.php\/wp-json\/wp\/v2\/types\/post"}],"author":[{"embeddable":true,"href":"https:\/\/www.prus.sosnowiec.pl\/index.php\/wp-json\/wp\/v2\/users\/9"}],"replies":[{"embeddable":true,"href":"https:\/\/www.prus.sosnowiec.pl\/index.php\/wp-json\/wp\/v2\/comments?post=17339"}],"version-history":[{"count":2,"href":"https:\/\/www.prus.sosnowiec.pl\/index.php\/wp-json\/wp\/v2\/posts\/17339\/revisions"}],"predecessor-version":[{"id":17344,"href":"https:\/\/www.prus.sosnowiec.pl\/index.php\/wp-json\/wp\/v2\/posts\/17339\/revisions\/17344"}],"wp:attachment":[{"href":"https:\/\/www.prus.sosnowiec.pl\/index.php\/wp-json\/wp\/v2\/media?parent=17339"}],"wp:term":[{"taxonomy":"category","embeddable":true,"href":"https:\/\/www.prus.sosnowiec.pl\/index.php\/wp-json\/wp\/v2\/categories?post=17339"},{"taxonomy":"post_tag","embeddable":true,"href":"https:\/\/www.prus.sosnowiec.pl\/index.php\/wp-json\/wp\/v2\/tags?post=17339"}],"curies":[{"name":"wp","href":"https:\/\/api.w.org\/{rel}","templated":true}]}}