{"id":17346,"date":"2025-05-28T21:11:18","date_gmt":"2025-05-28T19:11:18","guid":{"rendered":"https:\/\/www.prus.sosnowiec.pl\/?p=17346"},"modified":"2025-05-28T22:22:43","modified_gmt":"2025-05-28T20:22:43","slug":"dzien-mamy-w-klasie-3-sp","status":"publish","type":"post","link":"https:\/\/www.prus.sosnowiec.pl\/index.php\/2025\/05\/28\/dzien-mamy-w-klasie-3-sp\/","title":{"rendered":"Dzie\u0144 mamy w klasie 3 SP"},"content":{"rendered":"<p>W Dniu Mamy uczniowie klasy 3 a chc\u0105 z\u0142o\u017cy\u0107 \u017cyczenia i podarowa\u0107 ma\u0142y upominek:&nbsp;<\/p>\n<div dir=\"auto\">&#8221; Ma\u0142ym serduszkiem \u017cycz\u0119 Ci mamo<\/div>\n<div dir=\"auto\">Zdrowia, u\u015bmiechu najwi\u0119cej.<\/div>\n<div dir=\"auto\">A za Tw\u0105 dobro\u0107 i mi\u0142o\u015b\u0107&nbsp;<\/div>\n<div dir=\"auto\">Przyjmij ten kwiatek w podzi\u0119ce&#8221;.<\/div>\n<div dir=\"auto\">ngg_shortcode_0_placeholder<\/div>\n","protected":false},"excerpt":{"rendered":"<p>W Dniu Mamy uczniowie klasy 3 a chc\u0105 z\u0142o\u017cy\u0107 \u017cyczenia i podarowa\u0107 ma\u0142y upominek:&nbsp; &#8221; Ma\u0142ym serduszkiem \u017cycz\u0119 Ci mamo Zdrowia, u\u015bmiechu najwi\u0119cej. A za Tw\u0105 dobro\u0107 i mi\u0142o\u015b\u0107&nbsp; Przyjmij ten kwiatek w podzi\u0119ce&#8221;.<\/p>\n","protected":false},"author":9,"featured_media":0,"comment_status":"closed","ping_status":"open","sticky":false,"template":"","format":"standard","meta":{"ngg_post_thumbnail":0,"footnotes":"","_links_to":"","_links_to_target":""},"categories":[4],"tags":[],"class_list":["post-17346","post","type-post","status-publish","format-standard","hentry","category-news"],"_links":{"self":[{"href":"https:\/\/www.prus.sosnowiec.pl\/index.php\/wp-json\/wp\/v2\/posts\/17346","targetHints":{"allow":["GET"]}}],"collection":[{"href":"https:\/\/www.prus.sosnowiec.pl\/index.php\/wp-json\/wp\/v2\/posts"}],"about":[{"href":"https:\/\/www.prus.sosnowiec.pl\/index.php\/wp-json\/wp\/v2\/types\/post"}],"author":[{"embeddable":true,"href":"https:\/\/www.prus.sosnowiec.pl\/index.php\/wp-json\/wp\/v2\/users\/9"}],"replies":[{"embeddable":true,"href":"https:\/\/www.prus.sosnowiec.pl\/index.php\/wp-json\/wp\/v2\/comments?post=17346"}],"version-history":[{"count":8,"href":"https:\/\/www.prus.sosnowiec.pl\/index.php\/wp-json\/wp\/v2\/posts\/17346\/revisions"}],"predecessor-version":[{"id":17365,"href":"https:\/\/www.prus.sosnowiec.pl\/index.php\/wp-json\/wp\/v2\/posts\/17346\/revisions\/17365"}],"wp:attachment":[{"href":"https:\/\/www.prus.sosnowiec.pl\/index.php\/wp-json\/wp\/v2\/media?parent=17346"}],"wp:term":[{"taxonomy":"category","embeddable":true,"href":"https:\/\/www.prus.sosnowiec.pl\/index.php\/wp-json\/wp\/v2\/categories?post=17346"},{"taxonomy":"post_tag","embeddable":true,"href":"https:\/\/www.prus.sosnowiec.pl\/index.php\/wp-json\/wp\/v2\/tags?post=17346"}],"curies":[{"name":"wp","href":"https:\/\/api.w.org\/{rel}","templated":true}]}}