{"id":17370,"date":"2025-05-30T07:47:13","date_gmt":"2025-05-30T05:47:13","guid":{"rendered":"https:\/\/www.prus.sosnowiec.pl\/?p=17370"},"modified":"2025-05-30T07:55:17","modified_gmt":"2025-05-30T05:55:17","slug":"nabor-do-bursy-szkolnej-w-sosnowcu","status":"publish","type":"post","link":"https:\/\/www.prus.sosnowiec.pl\/index.php\/2025\/05\/30\/nabor-do-bursy-szkolnej-w-sosnowcu\/","title":{"rendered":"Nab\u00f3r do Bursy szkolnej w Sosnowcu"},"content":{"rendered":"<h3 style=\"text-align: center;\"><span style=\"color: #000000;\"><strong>Mi\u0142o nam poinformowa\u0107 i\u017c Bursa szkolna w Sosnowcu dysponuje wolnymi miejscami dla dzieci zamieszka\u0142ych poza miastem Sosnowiec a kt\u00f3re uko\u0144czy\u0142y 13-tego rok \u017cycia. Rodzice dzieci, kt\u00f3re chc\u0105 uczy\u0107 si\u0119 w szko\u0142ach sosnowieckich mog\u0105 sk\u0142ada\u0107 dokumenty od 2 czerwca 2025 w sekretariacie Zespo\u0142u Szk\u00f3\u0142 Og\u00f3lnokszta\u0142c\u0105cych nr 3 w Sosnowcu. <\/strong><\/span><\/h3>\n<h3 style=\"text-align: center;\"><span style=\"color: #000000;\"><strong>Dokumentacj\u0119 mo\u017cna pobra\u0107 bezpo\u015brednio w Bursie oraz ze strony Bursy w zak\u0142adce na stronie szko\u0142y<\/strong><\/span><\/h3>\n<h3 style=\"text-align: center;\">&nbsp;<\/h3>\n<h3 style=\"text-align: center;\"><span style=\"color: #000000;\">Zapraszamy<\/span><\/h3>\n<p>&nbsp;<\/p>\n<blockquote class=\"wp-embedded-content\" data-secret=\"DbE8aGvzZG\"><p><a href=\"https:\/\/www.prus.sosnowiec.pl\/index.php\/nabor-bursa\/\">Nab\u00f3r Bursa 2025-2026<\/a><\/p><\/blockquote>\n<p><iframe loading=\"lazy\" class=\"wp-embedded-content\" sandbox=\"allow-scripts\" security=\"restricted\" style=\"position: absolute; clip: rect(1px, 1px, 1px, 1px);\" title=\"&#8222;Nab\u00f3r Bursa 2025-2026&#8221; &#8212; III LO, SP48 - Zesp\u00f3\u0142 Szk\u00f3\u0142 Og\u00f3lnokszta\u0142c\u0105cych nr 3 w Sosnowcu\" src=\"https:\/\/www.prus.sosnowiec.pl\/index.php\/nabor-bursa\/embed\/#?secret=S7BkN1c8zJ#?secret=DbE8aGvzZG\" data-secret=\"DbE8aGvzZG\" width=\"600\" height=\"338\" frameborder=\"0\" marginwidth=\"0\" marginheight=\"0\" scrolling=\"no\"><\/iframe><\/p>\n<p><img loading=\"lazy\" decoding=\"async\" class=\"wp-image-17375 aligncenter\" src=\"https:\/\/serwer1476418.home.pl\/new\/wp-content\/uploads\/2025\/05\/Bursa-Logo-Original-with-Transparent-Background-5000x5000-1.png\" alt=\"\" width=\"174\" height=\"174\" srcset=\"https:\/\/serwer1476418.home.pl\/new\/wp-content\/uploads\/2025\/05\/Bursa-Logo-Original-with-Transparent-Background-5000x5000-1.png 5000w, https:\/\/serwer1476418.home.pl\/new\/wp-content\/uploads\/2025\/05\/Bursa-Logo-Original-with-Transparent-Background-5000x5000-1-300x300.png 300w, https:\/\/serwer1476418.home.pl\/new\/wp-content\/uploads\/2025\/05\/Bursa-Logo-Original-with-Transparent-Background-5000x5000-1-1024x1024.png 1024w, https:\/\/serwer1476418.home.pl\/new\/wp-content\/uploads\/2025\/05\/Bursa-Logo-Original-with-Transparent-Background-5000x5000-1-150x150.png 150w, https:\/\/serwer1476418.home.pl\/new\/wp-content\/uploads\/2025\/05\/Bursa-Logo-Original-with-Transparent-Background-5000x5000-1-768x768.png 768w, https:\/\/serwer1476418.home.pl\/new\/wp-content\/uploads\/2025\/05\/Bursa-Logo-Original-with-Transparent-Background-5000x5000-1-1536x1536.png 1536w, https:\/\/serwer1476418.home.pl\/new\/wp-content\/uploads\/2025\/05\/Bursa-Logo-Original-with-Transparent-Background-5000x5000-1-2048x2048.png 2048w\" sizes=\"auto, (max-width: 174px) 100vw, 174px\" \/><\/p>\n","protected":false},"excerpt":{"rendered":"<p>Mi\u0142o nam poinformowa\u0107 i\u017c Bursa szkolna w Sosnowcu dysponuje wolnymi miejscami dla dzieci zamieszka\u0142ych poza miastem Sosnowiec a kt\u00f3re uko\u0144czy\u0142y 13-tego rok \u017cycia. Rodzice dzieci, kt\u00f3re chc\u0105 uczy\u0107 si\u0119 w szko\u0142ach sosnowieckich mog\u0105 sk\u0142ada\u0107 dokumenty od 2 czerwca 2025 w sekretariacie Zespo\u0142u Szk\u00f3\u0142 Og\u00f3lnokszta\u0142c\u0105cych nr 3 w Sosnowcu. Dokumentacj\u0119 mo\u017cna pobra\u0107 bezpo\u015brednio w Bursie oraz [&hellip;]<\/p>\n","protected":false},"author":10,"featured_media":0,"comment_status":"closed","ping_status":"open","sticky":false,"template":"","format":"standard","meta":{"ngg_post_thumbnail":0,"footnotes":"","_links_to":"","_links_to_target":""},"categories":[4],"tags":[],"class_list":["post-17370","post","type-post","status-publish","format-standard","hentry","category-news"],"_links":{"self":[{"href":"https:\/\/www.prus.sosnowiec.pl\/index.php\/wp-json\/wp\/v2\/posts\/17370","targetHints":{"allow":["GET"]}}],"collection":[{"href":"https:\/\/www.prus.sosnowiec.pl\/index.php\/wp-json\/wp\/v2\/posts"}],"about":[{"href":"https:\/\/www.prus.sosnowiec.pl\/index.php\/wp-json\/wp\/v2\/types\/post"}],"author":[{"embeddable":true,"href":"https:\/\/www.prus.sosnowiec.pl\/index.php\/wp-json\/wp\/v2\/users\/10"}],"replies":[{"embeddable":true,"href":"https:\/\/www.prus.sosnowiec.pl\/index.php\/wp-json\/wp\/v2\/comments?post=17370"}],"version-history":[{"count":5,"href":"https:\/\/www.prus.sosnowiec.pl\/index.php\/wp-json\/wp\/v2\/posts\/17370\/revisions"}],"predecessor-version":[{"id":17376,"href":"https:\/\/www.prus.sosnowiec.pl\/index.php\/wp-json\/wp\/v2\/posts\/17370\/revisions\/17376"}],"wp:attachment":[{"href":"https:\/\/www.prus.sosnowiec.pl\/index.php\/wp-json\/wp\/v2\/media?parent=17370"}],"wp:term":[{"taxonomy":"category","embeddable":true,"href":"https:\/\/www.prus.sosnowiec.pl\/index.php\/wp-json\/wp\/v2\/categories?post=17370"},{"taxonomy":"post_tag","embeddable":true,"href":"https:\/\/www.prus.sosnowiec.pl\/index.php\/wp-json\/wp\/v2\/tags?post=17370"}],"curies":[{"name":"wp","href":"https:\/\/api.w.org\/{rel}","templated":true}]}}