{"id":17413,"date":"2025-06-05T07:33:58","date_gmt":"2025-06-05T05:33:58","guid":{"rendered":"https:\/\/www.prus.sosnowiec.pl\/?p=17413"},"modified":"2025-06-05T07:39:12","modified_gmt":"2025-06-05T05:39:12","slug":"klasa-5a-na-warsztatach-w-radiu-eska","status":"publish","type":"post","link":"https:\/\/www.prus.sosnowiec.pl\/index.php\/2025\/06\/05\/klasa-5a-na-warsztatach-w-radiu-eska\/","title":{"rendered":"Klasa 5a na warsztatach w Radiu Eska"},"content":{"rendered":"<div dir=\"auto\"><img loading=\"lazy\" decoding=\"async\" class=\"CToWUd\" src=\"https:\/\/ci3.googleusercontent.com\/meips\/ADKq_NY7iYoDTucXe8QbtRJOMGtMxqM4LgPUdRGDssH5POkYdRyxyWXhWW5vHPlOPny1nQsNgBi5uiwgyh-A4XPgvEInr-P6EavE7KTunW-WusVCZdW8szDlaWA=s0-d-e1-ft#https:\/\/static.xx.fbcdn.net\/images\/emoji.php\/v9\/t2b\/1\/16\/1f399.png\" alt=\"\ud83c\udf99\" width=\"16\" height=\"16\" data-bit=\"iit\">W ubieg\u0142ym tygodniu klasa 5a odwiedzi\u0142a siedzib\u0119 radia Eska.&nbsp;<img loading=\"lazy\" decoding=\"async\" class=\"CToWUd\" src=\"https:\/\/ci3.googleusercontent.com\/meips\/ADKq_NbhuVdJO1AX1CYI4fXEd41o-cjL2UnlgfgG4dvm6yjHy1m2RTRYuvkN_mho_5_uSyUZ3JVxTofw-FoVOSMOhsvSIdmc1NFw1-jIz7jgV6yMeHat1DD--g=s0-d-e1-ft#https:\/\/static.xx.fbcdn.net\/images\/emoji.php\/v9\/t2d\/1\/16\/2666.png\" alt=\"\u2666\" width=\"16\" height=\"16\" data-bit=\"iit\">Podczas warsztat\u00f3w dowiedzieli\u015bmy si\u0119 sporo na temat pracy dziennikarza, oraz jakie wymogi musi spe\u0142ni\u0107 radio aby otrzyma\u0107 koncesj\u0119 na nadawanie.<\/div>\n<div dir=\"auto\"><img loading=\"lazy\" decoding=\"async\" class=\"CToWUd\" src=\"https:\/\/ci3.googleusercontent.com\/meips\/ADKq_NbhuVdJO1AX1CYI4fXEd41o-cjL2UnlgfgG4dvm6yjHy1m2RTRYuvkN_mho_5_uSyUZ3JVxTofw-FoVOSMOhsvSIdmc1NFw1-jIz7jgV6yMeHat1DD--g=s0-d-e1-ft#https:\/\/static.xx.fbcdn.net\/images\/emoji.php\/v9\/t2d\/1\/16\/2666.png\" alt=\"\u2666\" width=\"16\" height=\"16\" data-bit=\"iit\">By\u0142 czas na przeprowadzenie oraz udzielenie pierwszych wywiad\u00f3w na profesjonalnym sprz\u0119cie, a na koniec s\u0142odko\u015bci oraz upominki. Dzi\u0119kujemy!<\/div>\n<div dir=\"auto\">R\u0105czka Micha\u0142<\/div>\n<div dir=\"auto\">ngg_shortcode_0_placeholder<\/div>\n","protected":false},"excerpt":{"rendered":"<p>W ubieg\u0142ym tygodniu klasa 5a odwiedzi\u0142a siedzib\u0119 radia Eska.&nbsp;Podczas warsztat\u00f3w dowiedzieli\u015bmy si\u0119 sporo na temat pracy dziennikarza, oraz jakie wymogi musi spe\u0142ni\u0107 radio aby otrzyma\u0107 koncesj\u0119 na nadawanie. By\u0142 czas na przeprowadzenie oraz udzielenie pierwszych wywiad\u00f3w na profesjonalnym sprz\u0119cie, a na koniec s\u0142odko\u015bci oraz upominki. Dzi\u0119kujemy! R\u0105czka Micha\u0142<\/p>\n","protected":false},"author":9,"featured_media":0,"comment_status":"closed","ping_status":"open","sticky":false,"template":"","format":"standard","meta":{"ngg_post_thumbnail":0,"footnotes":"","_links_to":"","_links_to_target":""},"categories":[4],"tags":[],"class_list":["post-17413","post","type-post","status-publish","format-standard","hentry","category-news"],"_links":{"self":[{"href":"https:\/\/www.prus.sosnowiec.pl\/index.php\/wp-json\/wp\/v2\/posts\/17413","targetHints":{"allow":["GET"]}}],"collection":[{"href":"https:\/\/www.prus.sosnowiec.pl\/index.php\/wp-json\/wp\/v2\/posts"}],"about":[{"href":"https:\/\/www.prus.sosnowiec.pl\/index.php\/wp-json\/wp\/v2\/types\/post"}],"author":[{"embeddable":true,"href":"https:\/\/www.prus.sosnowiec.pl\/index.php\/wp-json\/wp\/v2\/users\/9"}],"replies":[{"embeddable":true,"href":"https:\/\/www.prus.sosnowiec.pl\/index.php\/wp-json\/wp\/v2\/comments?post=17413"}],"version-history":[{"count":3,"href":"https:\/\/www.prus.sosnowiec.pl\/index.php\/wp-json\/wp\/v2\/posts\/17413\/revisions"}],"predecessor-version":[{"id":17424,"href":"https:\/\/www.prus.sosnowiec.pl\/index.php\/wp-json\/wp\/v2\/posts\/17413\/revisions\/17424"}],"wp:attachment":[{"href":"https:\/\/www.prus.sosnowiec.pl\/index.php\/wp-json\/wp\/v2\/media?parent=17413"}],"wp:term":[{"taxonomy":"category","embeddable":true,"href":"https:\/\/www.prus.sosnowiec.pl\/index.php\/wp-json\/wp\/v2\/categories?post=17413"},{"taxonomy":"post_tag","embeddable":true,"href":"https:\/\/www.prus.sosnowiec.pl\/index.php\/wp-json\/wp\/v2\/tags?post=17413"}],"curies":[{"name":"wp","href":"https:\/\/api.w.org\/{rel}","templated":true}]}}