{"id":17458,"date":"2025-06-05T13:19:57","date_gmt":"2025-06-05T11:19:57","guid":{"rendered":"https:\/\/www.prus.sosnowiec.pl\/?p=17458"},"modified":"2025-06-06T08:25:01","modified_gmt":"2025-06-06T06:25:01","slug":"wyjazd-do-warszawy-klasy-iiib","status":"publish","type":"post","link":"https:\/\/www.prus.sosnowiec.pl\/index.php\/2025\/06\/05\/wyjazd-do-warszawy-klasy-iiib\/","title":{"rendered":"Wyjazd do Warszawy klasy IIIb"},"content":{"rendered":"<p>Uczniowie klasy III b w sk\u0142adzie Milena Duda, Kajetan Marczak, Adam Skoropacki i Amelia Trzci\u0144ska<br \/>\nbyli w Warszawie na 10.Og\u00f3lnopolskim konkursie \u201eRATUJEMY I UCZYMY RATOWA\u0106\u201d.<br \/>\nReprezentanci naszej szko\u0142y mieli 15 miejsc do kt\u00f3rych musieli przej\u015b\u0107 i wykona\u0107 okre\u015blone zadania.<br \/>\nUczniowie byli w Sejmie na sali plenarnej, kt\u00f3ra przeznaczona jest do obrad i dyskusji. Mieli\u015bmy<br \/>\nspotkanie z wicemarsza\u0142ek Monik\u0105 Wielichowsk\u0105, kt\u00f3ra opowiedzia\u0142a nam jak wygl\u0105da praca pos\u0142\u00f3w. W<br \/>\nnajwi\u0119kszym domu aukcyjnym w Polsce \u201eDesa Unicum\u201d, mieli\u015bmy za zadanie u\u0142o\u017cy\u0107 puzzle XXL w<br \/>\nrozmiarze 3m x 4m. W domu aukcyjnym podziwiali\u015bmy obraz wart 30 mln z\u0142otych. W Ministerstwie<br \/>\nRozwoju i Technologii uczniowie przebrali si\u0119 w str\u00f3j astronauty i mieli mi\u0119dzygalaktyczne spotkanie ze<br \/>\nS\u0142awoszem Uzna\u0144skim, polskim in\u017cynierem i naukowcem Europejskiej Agencji Kosmicznej, kt\u00f3ry dnia<br \/>\n10.06.2025 ma zaplanowany wylot w kosmos. W Muzeum Harcerstwa spotkali\u015bmy sympatyczn\u0105, pe\u0142n\u0105<br \/>\nenergii Pani\u0105 Hann\u0119 kt\u00f3ra ma stopie\u0144 harcmistrzyni. Opowiedzia\u0142a nam jak wygl\u0105da\u0142a organizacja<br \/>\npierwszego obozu harcerskiego w latach 50 (harcerze budowali na biwaku w jeden dzie\u0144 \u0142\u00f3\u017cko do spania,<br \/>\ntoalet\u0119 i st\u00f3\u0142 ziemny). W Muzeum Ziemi zobaczyli\u015bmy w marmurze \u015blady krwi przelanej przez<br \/>\nnieznanego powsta\u0144ca Warszawy z 1944 roku. Ogromne wra\u017cenie zrobi\u0142 na nas Stadion Legii, gdzie<br \/>\nmieli\u015bmy do wykonania jedno z trudniejszych zada\u0144 &#8211; przeprowadzenie RKO (uczniowie wraz z<br \/>\nnauczycielem w jednym rytmie przez 5 minut wykonywali resuscytacj\u0119). Zwiedzili\u015bmy tak\u017ce Pa\u0142ac na<br \/>\nWyspie, w kt\u00f3rym zobaczyli\u015bmy przepi\u0119kn\u0105 kr\u00f3lewsk\u0105 galeri\u0119 obraz\u00f3w, a tak\u017ce pomieszczenia w kt\u00f3rych<br \/>\nodbywa\u0142y si\u0119 bale czy s\u0142ynne czwartkowe obiady. Reprezentanci SP 48, byli zachwyceni pobytem w<br \/>\nstolicy. We wszystkie zadania zaanga\u017cowali si\u0119 na 100%, \u015bwietnie wsp\u00f3\u0142pracowali ze sob\u0105, motywowali<br \/>\nsi\u0119 i wspierali. Zaj\u0119te 14 miejsce w Polsce jest ogromnym sukcesem naszych uczni\u00f3w, a osobiste<br \/>\ngratulacje od Jerzego Owsiaka przekona\u0142y ich, \u017ce osi\u0105gn\u0119li co\u015b wielkiego!<br \/>\nZa ca\u0142e przygotowanie do fina\u0142u dzi\u0119kujemy Pani Agnieszce Zawi\u015blak, kt\u00f3ra w\u0142o\u017cy\u0142a serce w<br \/>\nprzygotowania naszych uczni\u00f3w, po\u015bwi\u0119ci\u0142a mn\u00f3stwo czasu i energii by Milena, Amelia, Kajetan i Adam<br \/>\nosi\u0105gn\u0119li tak wspania\u0142y wynik.<br \/>\nGRATULACJE.<\/p>\nngg_shortcode_0_placeholder\n","protected":false},"excerpt":{"rendered":"<p>Uczniowie klasy III b w sk\u0142adzie Milena Duda, Kajetan Marczak, Adam Skoropacki i Amelia Trzci\u0144ska byli w Warszawie na 10.Og\u00f3lnopolskim konkursie \u201eRATUJEMY I UCZYMY RATOWA\u0106\u201d. Reprezentanci naszej szko\u0142y mieli 15 miejsc do kt\u00f3rych musieli przej\u015b\u0107 i wykona\u0107 okre\u015blone zadania. Uczniowie byli w Sejmie na sali plenarnej, kt\u00f3ra przeznaczona jest do obrad i dyskusji. Mieli\u015bmy spotkanie [&hellip;]<\/p>\n","protected":false},"author":9,"featured_media":0,"comment_status":"closed","ping_status":"open","sticky":false,"template":"","format":"standard","meta":{"ngg_post_thumbnail":0,"footnotes":"","_links_to":"","_links_to_target":""},"categories":[4],"tags":[],"class_list":["post-17458","post","type-post","status-publish","format-standard","hentry","category-news"],"_links":{"self":[{"href":"https:\/\/www.prus.sosnowiec.pl\/index.php\/wp-json\/wp\/v2\/posts\/17458","targetHints":{"allow":["GET"]}}],"collection":[{"href":"https:\/\/www.prus.sosnowiec.pl\/index.php\/wp-json\/wp\/v2\/posts"}],"about":[{"href":"https:\/\/www.prus.sosnowiec.pl\/index.php\/wp-json\/wp\/v2\/types\/post"}],"author":[{"embeddable":true,"href":"https:\/\/www.prus.sosnowiec.pl\/index.php\/wp-json\/wp\/v2\/users\/9"}],"replies":[{"embeddable":true,"href":"https:\/\/www.prus.sosnowiec.pl\/index.php\/wp-json\/wp\/v2\/comments?post=17458"}],"version-history":[{"count":2,"href":"https:\/\/www.prus.sosnowiec.pl\/index.php\/wp-json\/wp\/v2\/posts\/17458\/revisions"}],"predecessor-version":[{"id":17487,"href":"https:\/\/www.prus.sosnowiec.pl\/index.php\/wp-json\/wp\/v2\/posts\/17458\/revisions\/17487"}],"wp:attachment":[{"href":"https:\/\/www.prus.sosnowiec.pl\/index.php\/wp-json\/wp\/v2\/media?parent=17458"}],"wp:term":[{"taxonomy":"category","embeddable":true,"href":"https:\/\/www.prus.sosnowiec.pl\/index.php\/wp-json\/wp\/v2\/categories?post=17458"},{"taxonomy":"post_tag","embeddable":true,"href":"https:\/\/www.prus.sosnowiec.pl\/index.php\/wp-json\/wp\/v2\/tags?post=17458"}],"curies":[{"name":"wp","href":"https:\/\/api.w.org\/{rel}","templated":true}]}}