{"id":17495,"date":"2025-06-09T06:54:09","date_gmt":"2025-06-09T04:54:09","guid":{"rendered":"https:\/\/www.prus.sosnowiec.pl\/?p=17495"},"modified":"2025-06-09T07:53:39","modified_gmt":"2025-06-09T05:53:39","slug":"17495","status":"publish","type":"post","link":"https:\/\/www.prus.sosnowiec.pl\/index.php\/2025\/06\/09\/17495\/","title":{"rendered":"Zawody p\u0142ywackie"},"content":{"rendered":"<p>&nbsp;<\/p>\n<p>Sprawozdanie z zawod\u00f3w p\u0142ywackich Puchar Przyja\u017ani 2025 &#8211; 8 czerwca 2025 r.<\/p>\n<p>W dniu 8 czerwca 2025 r. na basenie Burowiec odby\u0142y si\u0119 zawody p\u0142ywackie Puchar Przyja\u017ani 2025. Nasz\u0105 szko\u0142\u0119 &#8211; SP 48 &#8211; reprezentowali utalentowani uczniowie, kt\u00f3rzy pod okiem trenera Tomasza \u015alusarza osi\u0105gn\u0119li bardzo dobre wyniki i godnie reprezentowali barwy szko\u0142y.<\/p>\n<p>Wyniki naszych uczni\u00f3w:<br \/>\nOliwia Famu\u0142a<br \/>\n&#8211; II miejsce &#8211; 100 m stylem dowolnym<br \/>\n&#8211; II miejsce &#8211; 100 m stylem zmiennym<\/p>\n<p>Karolina Nowak<br \/>\n&#8211; II miejsce &#8211; 150 m stylem klasycznym<br \/>\n&#8211; V miejsce &#8211; 50 m stylem grzbietowym<\/p>\n<p>Szczepan Nowak<br \/>\n&#8211; I miejsce &#8211; 50 m stylem grzbietowym<br \/>\n&#8211; II miejsce &#8211; 50 m stylem klasycznym<\/p>\n<p>Oskar Pasturczak<br \/>\n&#8211; I miejsce &#8211; 50 m stylem dowolnym<br \/>\n&#8211; I miejsce &#8211; 100 m stylem dowolnym<\/p>\n<p>Sebastian Mi\u0142ek<br \/>\n&#8211; III miejsce &#8211; 50 m stylem dowolnym<br \/>\n&#8211; VII miejsce &#8211; 50 m stylem grzbietowym<\/p>\n<p>Wiktor My\u015bliwski<br \/>\n&#8211; II miejsce &#8211; 50 m stylem dowolnym<br \/>\n&#8211; I miejsce &#8211; 50 m stylem grzbietowym<br \/>\nTytu\u0142 najlepszego zawodnika rocznika 2017<\/p>\n<p>&nbsp;<\/p>\n<p><img loading=\"lazy\" decoding=\"async\" class=\"alignnone size-full wp-image-17496\" src=\"https:\/\/serwer1476418.home.pl\/new\/wp-content\/uploads\/2025\/06\/IMG_8682.jpeg\" alt=\"\" width=\"640\" height=\"480\" srcset=\"https:\/\/serwer1476418.home.pl\/new\/wp-content\/uploads\/2025\/06\/IMG_8682.jpeg 640w, https:\/\/serwer1476418.home.pl\/new\/wp-content\/uploads\/2025\/06\/IMG_8682-300x225.jpeg 300w\" sizes=\"auto, (max-width: 640px) 100vw, 640px\" \/> <img loading=\"lazy\" decoding=\"async\" class=\"alignnone size-full wp-image-17497\" src=\"https:\/\/serwer1476418.home.pl\/new\/wp-content\/uploads\/2025\/06\/IMG_8689.jpeg\" alt=\"\" width=\"640\" height=\"480\" srcset=\"https:\/\/serwer1476418.home.pl\/new\/wp-content\/uploads\/2025\/06\/IMG_8689.jpeg 640w, https:\/\/serwer1476418.home.pl\/new\/wp-content\/uploads\/2025\/06\/IMG_8689-300x225.jpeg 300w\" sizes=\"auto, (max-width: 640px) 100vw, 640px\" \/><\/p>\n<p>Wszystkim reprezentantom gratulujemy wspania\u0142ych wynik\u00f3w, sportowej postawy i ducha rywalizacji!<br \/>\nDzi\u0119kujemy r\u00f3wnie\u017c trenerowi Tomaszowi \u015alusarzowi za przygotowanie zawodnik\u00f3w i wsparcie podczas zawod\u00f3w!<\/p>\n","protected":false},"excerpt":{"rendered":"<p>&nbsp; Sprawozdanie z zawod\u00f3w p\u0142ywackich Puchar Przyja\u017ani 2025 &#8211; 8 czerwca 2025 r. W dniu 8 czerwca 2025 r. na basenie Burowiec odby\u0142y si\u0119 zawody p\u0142ywackie Puchar Przyja\u017ani 2025. Nasz\u0105 szko\u0142\u0119 &#8211; SP 48 &#8211; reprezentowali utalentowani uczniowie, kt\u00f3rzy pod okiem trenera Tomasza \u015alusarza osi\u0105gn\u0119li bardzo dobre wyniki i godnie reprezentowali barwy szko\u0142y. Wyniki naszych [&hellip;]<\/p>\n","protected":false},"author":10,"featured_media":0,"comment_status":"closed","ping_status":"open","sticky":false,"template":"","format":"standard","meta":{"ngg_post_thumbnail":0,"footnotes":"","_links_to":"","_links_to_target":""},"categories":[4],"tags":[],"class_list":["post-17495","post","type-post","status-publish","format-standard","hentry","category-news"],"_links":{"self":[{"href":"https:\/\/www.prus.sosnowiec.pl\/index.php\/wp-json\/wp\/v2\/posts\/17495","targetHints":{"allow":["GET"]}}],"collection":[{"href":"https:\/\/www.prus.sosnowiec.pl\/index.php\/wp-json\/wp\/v2\/posts"}],"about":[{"href":"https:\/\/www.prus.sosnowiec.pl\/index.php\/wp-json\/wp\/v2\/types\/post"}],"author":[{"embeddable":true,"href":"https:\/\/www.prus.sosnowiec.pl\/index.php\/wp-json\/wp\/v2\/users\/10"}],"replies":[{"embeddable":true,"href":"https:\/\/www.prus.sosnowiec.pl\/index.php\/wp-json\/wp\/v2\/comments?post=17495"}],"version-history":[{"count":3,"href":"https:\/\/www.prus.sosnowiec.pl\/index.php\/wp-json\/wp\/v2\/posts\/17495\/revisions"}],"predecessor-version":[{"id":17500,"href":"https:\/\/www.prus.sosnowiec.pl\/index.php\/wp-json\/wp\/v2\/posts\/17495\/revisions\/17500"}],"wp:attachment":[{"href":"https:\/\/www.prus.sosnowiec.pl\/index.php\/wp-json\/wp\/v2\/media?parent=17495"}],"wp:term":[{"taxonomy":"category","embeddable":true,"href":"https:\/\/www.prus.sosnowiec.pl\/index.php\/wp-json\/wp\/v2\/categories?post=17495"},{"taxonomy":"post_tag","embeddable":true,"href":"https:\/\/www.prus.sosnowiec.pl\/index.php\/wp-json\/wp\/v2\/tags?post=17495"}],"curies":[{"name":"wp","href":"https:\/\/api.w.org\/{rel}","templated":true}]}}