{"id":17565,"date":"2025-05-28T14:14:30","date_gmt":"2025-05-28T12:14:30","guid":{"rendered":"https:\/\/www.prus.sosnowiec.pl\/?p=17565"},"modified":"2025-06-10T14:25:08","modified_gmt":"2025-06-10T12:25:08","slug":"sprawozdanie-z-wojewodzkiego-konkursu-historycznego-duety-olimpijskie","status":"publish","type":"post","link":"https:\/\/www.prus.sosnowiec.pl\/index.php\/2025\/05\/28\/sprawozdanie-z-wojewodzkiego-konkursu-historycznego-duety-olimpijskie\/","title":{"rendered":"Sprawozdanie z Wojew\u00f3dzkiego Konkursu Historycznego Duety Olimpijskie"},"content":{"rendered":"<p>23.05.2025 odby\u0142 si\u0119 fina\u0142 Wojew\u00f3dzkiego Konkursu Historycznego Duety Olimpijskie, kt\u00f3ry stanowi\u0142 podsumowanie wcze\u015bniejszych eliminacji szkolnych. W konkursie wzi\u0119\u0142o udzia\u0142 sze\u015b\u0107 zespo\u0142\u00f3w reprezentuj\u0105cych r\u00f3\u017cne szko\u0142y z wojew\u00f3dztwa.<\/p>\n<p>Nasz\u0105 szko\u0142\u0119 reprezentowali uczniowie klas \u00f3smych &#8211; Karol Marchewka oraz Micha\u0142 W\u0119glarczyk. Duet zaprezentowa\u0142 wysoki poziom wiedzy historycznej zwi\u0105zanej z tematyk\u0105 olimpijsk\u0105 i ostatecznie zaj\u0105\u0142 czwarte miejsce w klasyfikacji ko\u0144cowej.<\/p>\n<p>Serdecznie gratulujemy naszym reprezentantom bardzo dobrego wyniku oraz zaanga\u017cowania w przygotowania do konkursu!<\/p>\nngg_shortcode_0_placeholder\n","protected":false},"excerpt":{"rendered":"<p>23.05.2025 odby\u0142 si\u0119 fina\u0142 Wojew\u00f3dzkiego Konkursu Historycznego Duety Olimpijskie, kt\u00f3ry stanowi\u0142 podsumowanie wcze\u015bniejszych eliminacji szkolnych. W konkursie wzi\u0119\u0142o udzia\u0142 sze\u015b\u0107 zespo\u0142\u00f3w reprezentuj\u0105cych r\u00f3\u017cne szko\u0142y z wojew\u00f3dztwa. Nasz\u0105 szko\u0142\u0119 reprezentowali uczniowie klas \u00f3smych &#8211; Karol Marchewka oraz Micha\u0142 W\u0119glarczyk. Duet zaprezentowa\u0142 wysoki poziom wiedzy historycznej zwi\u0105zanej z tematyk\u0105 olimpijsk\u0105 i ostatecznie zaj\u0105\u0142 czwarte miejsce w klasyfikacji [&hellip;]<\/p>\n","protected":false},"author":9,"featured_media":0,"comment_status":"closed","ping_status":"open","sticky":false,"template":"","format":"standard","meta":{"ngg_post_thumbnail":0,"footnotes":"","_links_to":"","_links_to_target":""},"categories":[4],"tags":[],"class_list":["post-17565","post","type-post","status-publish","format-standard","hentry","category-news"],"_links":{"self":[{"href":"https:\/\/www.prus.sosnowiec.pl\/index.php\/wp-json\/wp\/v2\/posts\/17565","targetHints":{"allow":["GET"]}}],"collection":[{"href":"https:\/\/www.prus.sosnowiec.pl\/index.php\/wp-json\/wp\/v2\/posts"}],"about":[{"href":"https:\/\/www.prus.sosnowiec.pl\/index.php\/wp-json\/wp\/v2\/types\/post"}],"author":[{"embeddable":true,"href":"https:\/\/www.prus.sosnowiec.pl\/index.php\/wp-json\/wp\/v2\/users\/9"}],"replies":[{"embeddable":true,"href":"https:\/\/www.prus.sosnowiec.pl\/index.php\/wp-json\/wp\/v2\/comments?post=17565"}],"version-history":[{"count":2,"href":"https:\/\/www.prus.sosnowiec.pl\/index.php\/wp-json\/wp\/v2\/posts\/17565\/revisions"}],"predecessor-version":[{"id":17573,"href":"https:\/\/www.prus.sosnowiec.pl\/index.php\/wp-json\/wp\/v2\/posts\/17565\/revisions\/17573"}],"wp:attachment":[{"href":"https:\/\/www.prus.sosnowiec.pl\/index.php\/wp-json\/wp\/v2\/media?parent=17565"}],"wp:term":[{"taxonomy":"category","embeddable":true,"href":"https:\/\/www.prus.sosnowiec.pl\/index.php\/wp-json\/wp\/v2\/categories?post=17565"},{"taxonomy":"post_tag","embeddable":true,"href":"https:\/\/www.prus.sosnowiec.pl\/index.php\/wp-json\/wp\/v2\/tags?post=17565"}],"curies":[{"name":"wp","href":"https:\/\/api.w.org\/{rel}","templated":true}]}}