{"id":17621,"date":"2025-06-16T12:01:36","date_gmt":"2025-06-16T10:01:36","guid":{"rendered":"https:\/\/www.prus.sosnowiec.pl\/?p=17621"},"modified":"2025-06-24T12:09:01","modified_gmt":"2025-06-24T10:09:01","slug":"gala-mistrzow-w-sosnwcu","status":"publish","type":"post","link":"https:\/\/www.prus.sosnowiec.pl\/index.php\/2025\/06\/16\/gala-mistrzow-w-sosnwcu\/","title":{"rendered":"Gala mistrz\u00f3w w Sosnwcu"},"content":{"rendered":"<p>Podczas obecnej Gali Mistrz\u00f3w miasta Sosnowca 2025,&nbsp; wyr\u00f3\u017cnienie uzyska\u0142 ucze\u0144 naszej szko\u0142y z klasy 8 Szko\u0142y Podstawowej Karol Marchewka. Sw\u00f3j sukces osi\u0105gn\u0105\u0142, bior\u0105c udzia\u0142 w III etapie konkursu wojew\u00f3dzkiego z j\u0119zyka angielskiego. \u017byczymy dalszych sukces\u00f3w dla Karola i jego nauczyciela kt\u00f3ry do tego konkursku przygotowywa\u0142 &#8211; Mariusza Zwolaka.&nbsp;<\/p>\n<p>&nbsp;<\/p>\n<p>&nbsp;<\/p>\n<p><img loading=\"lazy\" decoding=\"async\" class=\"aligncenter size-large wp-image-17622\" src=\"https:\/\/serwer1476418.home.pl\/new\/wp-content\/uploads\/2025\/06\/galarrr432x850-791x1024.jpg\" alt=\"\" width=\"683\" height=\"884\" srcset=\"https:\/\/serwer1476418.home.pl\/new\/wp-content\/uploads\/2025\/06\/galarrr432x850-791x1024.jpg 791w, https:\/\/serwer1476418.home.pl\/new\/wp-content\/uploads\/2025\/06\/galarrr432x850-232x300.jpg 232w, https:\/\/serwer1476418.home.pl\/new\/wp-content\/uploads\/2025\/06\/galarrr432x850-768x995.jpg 768w, https:\/\/serwer1476418.home.pl\/new\/wp-content\/uploads\/2025\/06\/galarrr432x850.jpg 850w\" sizes=\"auto, (max-width: 683px) 100vw, 683px\" \/><\/p>\n","protected":false},"excerpt":{"rendered":"<p>Podczas obecnej Gali Mistrz\u00f3w miasta Sosnowca 2025,&nbsp; wyr\u00f3\u017cnienie uzyska\u0142 ucze\u0144 naszej szko\u0142y z klasy 8 Szko\u0142y Podstawowej Karol Marchewka. Sw\u00f3j sukces osi\u0105gn\u0105\u0142, bior\u0105c udzia\u0142 w III etapie konkursu wojew\u00f3dzkiego z j\u0119zyka angielskiego. \u017byczymy dalszych sukces\u00f3w dla Karola i jego nauczyciela kt\u00f3ry do tego konkursku przygotowywa\u0142 &#8211; Mariusza Zwolaka.&nbsp; &nbsp; &nbsp;<\/p>\n","protected":false},"author":9,"featured_media":0,"comment_status":"closed","ping_status":"open","sticky":false,"template":"","format":"standard","meta":{"ngg_post_thumbnail":0,"footnotes":"","_links_to":"","_links_to_target":""},"categories":[4],"tags":[],"class_list":["post-17621","post","type-post","status-publish","format-standard","hentry","category-news"],"_links":{"self":[{"href":"https:\/\/www.prus.sosnowiec.pl\/index.php\/wp-json\/wp\/v2\/posts\/17621","targetHints":{"allow":["GET"]}}],"collection":[{"href":"https:\/\/www.prus.sosnowiec.pl\/index.php\/wp-json\/wp\/v2\/posts"}],"about":[{"href":"https:\/\/www.prus.sosnowiec.pl\/index.php\/wp-json\/wp\/v2\/types\/post"}],"author":[{"embeddable":true,"href":"https:\/\/www.prus.sosnowiec.pl\/index.php\/wp-json\/wp\/v2\/users\/9"}],"replies":[{"embeddable":true,"href":"https:\/\/www.prus.sosnowiec.pl\/index.php\/wp-json\/wp\/v2\/comments?post=17621"}],"version-history":[{"count":3,"href":"https:\/\/www.prus.sosnowiec.pl\/index.php\/wp-json\/wp\/v2\/posts\/17621\/revisions"}],"predecessor-version":[{"id":17625,"href":"https:\/\/www.prus.sosnowiec.pl\/index.php\/wp-json\/wp\/v2\/posts\/17621\/revisions\/17625"}],"wp:attachment":[{"href":"https:\/\/www.prus.sosnowiec.pl\/index.php\/wp-json\/wp\/v2\/media?parent=17621"}],"wp:term":[{"taxonomy":"category","embeddable":true,"href":"https:\/\/www.prus.sosnowiec.pl\/index.php\/wp-json\/wp\/v2\/categories?post=17621"},{"taxonomy":"post_tag","embeddable":true,"href":"https:\/\/www.prus.sosnowiec.pl\/index.php\/wp-json\/wp\/v2\/tags?post=17621"}],"curies":[{"name":"wp","href":"https:\/\/api.w.org\/{rel}","templated":true}]}}