{"id":17629,"date":"2025-06-25T11:02:33","date_gmt":"2025-06-25T09:02:33","guid":{"rendered":"https:\/\/www.prus.sosnowiec.pl\/?p=17629"},"modified":"2025-06-25T11:08:04","modified_gmt":"2025-06-25T09:08:04","slug":"dzien-ojca","status":"publish","type":"post","link":"https:\/\/www.prus.sosnowiec.pl\/index.php\/2025\/06\/25\/dzien-ojca\/","title":{"rendered":"Dzie\u0144 Ojca"},"content":{"rendered":"<p>Z okazji Dnia Ojca uczniowie klasy 2b wzi\u0119li udzia\u0142 w wyj\u0105tkowych warsztatach<br \/>\nplastycznych, podczas kt\u00f3rych w\u0142asnor\u0119cznie wykonywali upominki dla swoich tatusi\u00f3w.<br \/>\nDzieci tworzy\u0142y kolorowe breloki z ma\u0142ych koralik\u00f3w \u2013 zadanie to wymaga\u0142o du\u017cej precyzji,<br \/>\nskupienia i cierpliwo\u015bci. Uczniowie z zaanga\u017cowaniem dobierali wzory i kolory,<br \/>\nwk\u0142adaj\u0105c wiele serca w przygotowanie prezent\u00f3w. Gotowe breloki by\u0142y<br \/>\nnie tylko pi\u0119kn\u0105 pami\u0105tk\u0105, ale te\u017c wyrazem wdzi\u0119czno\u015bci i mi\u0142o\u015bci dla ojc\u00f3w. Warsztaty<br \/>\nprzebieg\u0142y w mi\u0142ej i tw\u00f3rczej atmosferze, a ka\u017cdy uczestnik z dum\u0105 prezentowa\u0142 swoje dzie\u0142o.<\/p>\nngg_shortcode_0_placeholder\n","protected":false},"excerpt":{"rendered":"<p>Z okazji Dnia Ojca uczniowie klasy 2b wzi\u0119li udzia\u0142 w wyj\u0105tkowych warsztatach plastycznych, podczas kt\u00f3rych w\u0142asnor\u0119cznie wykonywali upominki dla swoich tatusi\u00f3w. Dzieci tworzy\u0142y kolorowe breloki z ma\u0142ych koralik\u00f3w \u2013 zadanie to wymaga\u0142o du\u017cej precyzji, skupienia i cierpliwo\u015bci. Uczniowie z zaanga\u017cowaniem dobierali wzory i kolory, wk\u0142adaj\u0105c wiele serca w przygotowanie prezent\u00f3w. Gotowe breloki by\u0142y nie tylko [&hellip;]<\/p>\n","protected":false},"author":9,"featured_media":0,"comment_status":"closed","ping_status":"open","sticky":false,"template":"","format":"standard","meta":{"ngg_post_thumbnail":0,"footnotes":"","_links_to":"","_links_to_target":""},"categories":[4],"tags":[],"class_list":["post-17629","post","type-post","status-publish","format-standard","hentry","category-news"],"_links":{"self":[{"href":"https:\/\/www.prus.sosnowiec.pl\/index.php\/wp-json\/wp\/v2\/posts\/17629","targetHints":{"allow":["GET"]}}],"collection":[{"href":"https:\/\/www.prus.sosnowiec.pl\/index.php\/wp-json\/wp\/v2\/posts"}],"about":[{"href":"https:\/\/www.prus.sosnowiec.pl\/index.php\/wp-json\/wp\/v2\/types\/post"}],"author":[{"embeddable":true,"href":"https:\/\/www.prus.sosnowiec.pl\/index.php\/wp-json\/wp\/v2\/users\/9"}],"replies":[{"embeddable":true,"href":"https:\/\/www.prus.sosnowiec.pl\/index.php\/wp-json\/wp\/v2\/comments?post=17629"}],"version-history":[{"count":3,"href":"https:\/\/www.prus.sosnowiec.pl\/index.php\/wp-json\/wp\/v2\/posts\/17629\/revisions"}],"predecessor-version":[{"id":17636,"href":"https:\/\/www.prus.sosnowiec.pl\/index.php\/wp-json\/wp\/v2\/posts\/17629\/revisions\/17636"}],"wp:attachment":[{"href":"https:\/\/www.prus.sosnowiec.pl\/index.php\/wp-json\/wp\/v2\/media?parent=17629"}],"wp:term":[{"taxonomy":"category","embeddable":true,"href":"https:\/\/www.prus.sosnowiec.pl\/index.php\/wp-json\/wp\/v2\/categories?post=17629"},{"taxonomy":"post_tag","embeddable":true,"href":"https:\/\/www.prus.sosnowiec.pl\/index.php\/wp-json\/wp\/v2\/tags?post=17629"}],"curies":[{"name":"wp","href":"https:\/\/api.w.org\/{rel}","templated":true}]}}