{"id":17637,"date":"2025-06-25T11:08:54","date_gmt":"2025-06-25T09:08:54","guid":{"rendered":"https:\/\/www.prus.sosnowiec.pl\/?p=17637"},"modified":"2025-06-25T11:15:50","modified_gmt":"2025-06-25T09:15:50","slug":"projekt-edukacyjny-klasa-w-terenie-2","status":"publish","type":"post","link":"https:\/\/www.prus.sosnowiec.pl\/index.php\/2025\/06\/25\/projekt-edukacyjny-klasa-w-terenie-2\/","title":{"rendered":"Projekt edukacyjny \u201eKlasa w terenie\u201d"},"content":{"rendered":"<p>\u201ePowiedz mi a zapomn\u0119, poka\u017c a zapami\u0119tam, pozw\u00f3l mi zrobi\u0107 a zrozumiem\u201d Konfucjusz.<br \/>\nKonfucjusz wypowiedzia\u0142 te s\u0142owa ponad dwa tysi\u0105ce lat temu, a nadal s\u0105 aktualne. Cz\u0142owiek<br \/>\nnajlepiej uczy si\u0119 poprzez udzia\u0142 i do\u015bwiadczanie, poprzez emocje i pytania jakie temu<br \/>\ndo\u015bwiadczaniu towarzysz\u0105.<br \/>\n,,Klasa w terenie\u201d to promowanie warto\u015bci edukacji na \u015bwie\u017cym powietrzu oraz poza murami<br \/>\nszko\u0142y, to zach\u0119cenie do \u201eopuszczenia\u201d swoich sal lekcyjnych i sp\u0119dzenia czasu poza<br \/>\nbudynkiem szko\u0142y. Wszystko po to, aby promowa\u0107 edukacj\u0119 terenow\u0105- prawdopodobnie<br \/>\nnajbardziej uszcz\u0119\u015bliwiaj\u0105c\u0105 form\u0119 edukacji na \u015bwiecie, anga\u017cuj\u0105c\u0105 r\u00f3\u017cne zmys\u0142y.<br \/>\nObserwacja przyrody tudzie\u017c jej piel\u0119gnacja &#8211; zabawa w przyrodnik\u00f3w , wyj\u015bcia w ciekawe<br \/>\nmiejsca \u2013 wycieczki\/warsztaty edukacyjne, gry i zabawy terenowe czyli lekcje w terenie<br \/>\npoprzez do\u015bwiadczenie, emocje \u2013 to jest to co klasa 1b, 2a, 2b SP lubi i praktykuje \u2026i do<br \/>\nczego zach\u0119ca.<br \/>\nSylwia Jedziniak<\/p>\n<p><img loading=\"lazy\" decoding=\"async\" class=\"aligncenter size-full wp-image-17639\" src=\"https:\/\/serwer1476418.home.pl\/new\/wp-content\/uploads\/2025\/06\/qqqqKlasa-w-terenie-dla-szkoly-certfikat-szkola.jpg\" alt=\"\" width=\"750\" height=\"530\" srcset=\"https:\/\/serwer1476418.home.pl\/new\/wp-content\/uploads\/2025\/06\/qqqqKlasa-w-terenie-dla-szkoly-certfikat-szkola.jpg 750w, https:\/\/serwer1476418.home.pl\/new\/wp-content\/uploads\/2025\/06\/qqqqKlasa-w-terenie-dla-szkoly-certfikat-szkola-300x212.jpg 300w\" sizes=\"auto, (max-width: 750px) 100vw, 750px\" \/><\/p>\n","protected":false},"excerpt":{"rendered":"<p>\u201ePowiedz mi a zapomn\u0119, poka\u017c a zapami\u0119tam, pozw\u00f3l mi zrobi\u0107 a zrozumiem\u201d Konfucjusz. Konfucjusz wypowiedzia\u0142 te s\u0142owa ponad dwa tysi\u0105ce lat temu, a nadal s\u0105 aktualne. Cz\u0142owiek najlepiej uczy si\u0119 poprzez udzia\u0142 i do\u015bwiadczanie, poprzez emocje i pytania jakie temu do\u015bwiadczaniu towarzysz\u0105. ,,Klasa w terenie\u201d to promowanie warto\u015bci edukacji na \u015bwie\u017cym powietrzu oraz poza murami [&hellip;]<\/p>\n","protected":false},"author":9,"featured_media":0,"comment_status":"closed","ping_status":"open","sticky":false,"template":"","format":"standard","meta":{"ngg_post_thumbnail":0,"footnotes":"","_links_to":"","_links_to_target":""},"categories":[4],"tags":[],"class_list":["post-17637","post","type-post","status-publish","format-standard","hentry","category-news"],"_links":{"self":[{"href":"https:\/\/www.prus.sosnowiec.pl\/index.php\/wp-json\/wp\/v2\/posts\/17637","targetHints":{"allow":["GET"]}}],"collection":[{"href":"https:\/\/www.prus.sosnowiec.pl\/index.php\/wp-json\/wp\/v2\/posts"}],"about":[{"href":"https:\/\/www.prus.sosnowiec.pl\/index.php\/wp-json\/wp\/v2\/types\/post"}],"author":[{"embeddable":true,"href":"https:\/\/www.prus.sosnowiec.pl\/index.php\/wp-json\/wp\/v2\/users\/9"}],"replies":[{"embeddable":true,"href":"https:\/\/www.prus.sosnowiec.pl\/index.php\/wp-json\/wp\/v2\/comments?post=17637"}],"version-history":[{"count":2,"href":"https:\/\/www.prus.sosnowiec.pl\/index.php\/wp-json\/wp\/v2\/posts\/17637\/revisions"}],"predecessor-version":[{"id":17640,"href":"https:\/\/www.prus.sosnowiec.pl\/index.php\/wp-json\/wp\/v2\/posts\/17637\/revisions\/17640"}],"wp:attachment":[{"href":"https:\/\/www.prus.sosnowiec.pl\/index.php\/wp-json\/wp\/v2\/media?parent=17637"}],"wp:term":[{"taxonomy":"category","embeddable":true,"href":"https:\/\/www.prus.sosnowiec.pl\/index.php\/wp-json\/wp\/v2\/categories?post=17637"},{"taxonomy":"post_tag","embeddable":true,"href":"https:\/\/www.prus.sosnowiec.pl\/index.php\/wp-json\/wp\/v2\/tags?post=17637"}],"curies":[{"name":"wp","href":"https:\/\/api.w.org\/{rel}","templated":true}]}}