{"id":17694,"date":"2025-06-12T11:51:47","date_gmt":"2025-06-12T09:51:47","guid":{"rendered":"https:\/\/www.prus.sosnowiec.pl\/?p=17694"},"modified":"2025-06-25T11:57:04","modified_gmt":"2025-06-25T09:57:04","slug":"17694","status":"publish","type":"post","link":"https:\/\/www.prus.sosnowiec.pl\/index.php\/2025\/06\/12\/17694\/","title":{"rendered":"Turniej gimnastyczny w Szamotu\u0142ach"},"content":{"rendered":"<p dir=\"auto\"><img loading=\"lazy\" decoding=\"async\" class=\"an1\" draggable=\"false\" src=\"https:\/\/fonts.gstatic.com\/s\/e\/notoemoji\/16.0\/1f46f_200d_2640_fe0f\/72.png\" alt=\"\ud83d\udc6f\u200d\u2640\ufe0f\" width=\"45\" height=\"45\" data-emoji=\"\ud83d\udc6f\u200d\u2640\ufe0f\" aria-label=\"\ud83d\udc6f\u200d\u2640\ufe0f\">W miniony weekend w Centrum Sportu w Szamotu\u0142ach odby\u0142 si\u0119 Puchar Prezesa Polskiego Zwi\u0105zku Gimnastycznego \u2013 og\u00f3lnopolskie zawody w gimnastyce artystycznej. W zawodach rywalizowa\u0142o a\u017c 130 zawodniczek z ca\u0142ej Polski&nbsp;<img loading=\"lazy\" decoding=\"async\" class=\"an1\" draggable=\"false\" src=\"https:\/\/fonts.gstatic.com\/s\/e\/notoemoji\/16.0\/1f389\/72.png\" alt=\"\ud83c\udf89\" width=\"46\" height=\"46\" data-emoji=\"\ud83c\udf89\" aria-label=\"\ud83c\udf89\">&nbsp;Wielkie gratulacje dla&nbsp;<\/p>\n<p dir=\"auto\"><img loading=\"lazy\" decoding=\"async\" class=\"an1\" draggable=\"false\" src=\"https:\/\/fonts.gstatic.com\/s\/e\/notoemoji\/16.0\/1f31f\/72.png\" alt=\"\ud83c\udf1f\" width=\"44\" height=\"44\" data-emoji=\"\ud83c\udf1f\" aria-label=\"\ud83c\udf1f\">Varvary Kravchenko , kt\u00f3ra w roczniku&nbsp;&nbsp;2017 \u2013 w wieloboju zaj\u0119\u0142a&nbsp;<img loading=\"lazy\" decoding=\"async\" class=\"an1\" draggable=\"false\" src=\"https:\/\/fonts.gstatic.com\/s\/e\/notoemoji\/16.0\/1f948\/72.png\" alt=\"\ud83e\udd48\" width=\"46\" height=\"46\" data-emoji=\"\ud83e\udd48\" aria-label=\"\ud83e\udd48\"><img loading=\"lazy\" decoding=\"async\" class=\"an1\" draggable=\"false\" src=\"https:\/\/fonts.gstatic.com\/s\/e\/notoemoji\/16.0\/1f3c6\/72.png\" alt=\"\ud83c\udfc6\" width=\"45\" height=\"45\" data-emoji=\"\ud83c\udfc6\" aria-label=\"\ud83c\udfc6\">miejsce , a tak\u017ce gratulacje dla &nbsp;<\/p>\n<p dir=\"auto\"><img loading=\"lazy\" decoding=\"async\" class=\"an1\" draggable=\"false\" src=\"https:\/\/fonts.gstatic.com\/s\/e\/notoemoji\/16.0\/1f31f\/72.png\" alt=\"\ud83c\udf1f\" width=\"44\" height=\"44\" data-emoji=\"\ud83c\udf1f\" aria-label=\"\ud83c\udf1f\">&nbsp;Zuzanny &nbsp;Zynek , kt\u00f3ra w og\u00f3lnej rywalizacji w\u015br\u00f3d 130 zawodniczek zaj\u0119\u0142a:<\/p>\n<p dir=\"auto\">&nbsp;<\/p>\n<div dir=\"auto\"><img loading=\"lazy\" decoding=\"async\" class=\"an1\" draggable=\"false\" src=\"https:\/\/fonts.gstatic.com\/s\/e\/notoemoji\/16.0\/2b50\/72.png\" alt=\"\u2b50\" width=\"44\" height=\"44\" data-emoji=\"\u2b50\" aria-label=\"\u2b50\">\ufe0f 8. miejsce w uk\u0142adzie taneczno-akrobatycznym&nbsp;<img loading=\"lazy\" decoding=\"async\" class=\"an1\" draggable=\"false\" src=\"https:\/\/fonts.gstatic.com\/s\/e\/notoemoji\/16.0\/1f44f_1f3fc\/72.png\" alt=\"\ud83d\udc4f\ud83c\udffc\" width=\"44\" height=\"44\" data-emoji=\"\ud83d\udc4f\ud83c\udffc\" aria-label=\"\ud83d\udc4f\ud83c\udffc\"><br \/>\n<img loading=\"lazy\" decoding=\"async\" class=\"an1\" draggable=\"false\" src=\"https:\/\/fonts.gstatic.com\/s\/e\/notoemoji\/16.0\/2b50\/72.png\" alt=\"\u2b50\" width=\"48\" height=\"48\" data-emoji=\"\u2b50\" aria-label=\"\u2b50\">\ufe0f 4. miejsce w uk\u0142adzie z pi\u0142k\u0105<img loading=\"lazy\" decoding=\"async\" class=\"an1\" draggable=\"false\" src=\"https:\/\/fonts.gstatic.com\/s\/e\/notoemoji\/16.0\/1f44f_1f3fc\/72.png\" alt=\"\ud83d\udc4f\ud83c\udffc\" width=\"44\" height=\"44\" data-emoji=\"\ud83d\udc4f\ud83c\udffc\" aria-label=\"\ud83d\udc4f\ud83c\udffc\"><br \/>\nGratulacje&nbsp;<img loading=\"lazy\" decoding=\"async\" class=\"an1\" draggable=\"false\" src=\"https:\/\/fonts.gstatic.com\/s\/e\/notoemoji\/16.0\/1f3c6\/72.png\" alt=\"\ud83c\udfc6\" width=\"45\" height=\"45\" data-emoji=\"\ud83c\udfc6\" aria-label=\"\ud83c\udfc6\"><img loading=\"lazy\" decoding=\"async\" class=\"an1\" draggable=\"false\" src=\"https:\/\/fonts.gstatic.com\/s\/e\/notoemoji\/16.0\/1f44f_1f3fc\/72.png\" alt=\"\ud83d\udc4f\ud83c\udffc\" width=\"43\" height=\"43\" data-emoji=\"\ud83d\udc4f\ud83c\udffc\" aria-label=\"\ud83d\udc4f\ud83c\udffc\"><img loading=\"lazy\" decoding=\"async\" class=\"an1\" draggable=\"false\" src=\"https:\/\/fonts.gstatic.com\/s\/e\/notoemoji\/16.0\/1f46f_200d_2640_fe0f\/72.png\" alt=\"\ud83d\udc6f\u200d\u2640\ufe0f\" width=\"44\" height=\"44\" data-emoji=\"\ud83d\udc6f\u200d\u2640\ufe0f\" aria-label=\"\ud83d\udc6f\u200d\u2640\ufe0f\"><\/div>\n<div dir=\"auto\"><img loading=\"lazy\" decoding=\"async\" class=\"aligncenter size-full wp-image-17695\" src=\"https:\/\/serwer1476418.home.pl\/new\/wp-content\/uploads\/2025\/06\/2c75dc0adde738a4f4850d5daec1535d.jpg\" alt=\"\" width=\"600\" height=\"723\" srcset=\"https:\/\/serwer1476418.home.pl\/new\/wp-content\/uploads\/2025\/06\/2c75dc0adde738a4f4850d5daec1535d.jpg 600w, https:\/\/serwer1476418.home.pl\/new\/wp-content\/uploads\/2025\/06\/2c75dc0adde738a4f4850d5daec1535d-249x300.jpg 249w\" sizes=\"auto, (max-width: 600px) 100vw, 600px\" \/><\/div>\n","protected":false},"excerpt":{"rendered":"<p>W miniony weekend w Centrum Sportu w Szamotu\u0142ach odby\u0142 si\u0119 Puchar Prezesa Polskiego Zwi\u0105zku Gimnastycznego \u2013 og\u00f3lnopolskie zawody w gimnastyce artystycznej. W zawodach rywalizowa\u0142o a\u017c 130 zawodniczek z ca\u0142ej Polski&nbsp;&nbsp;Wielkie gratulacje dla&nbsp; Varvary Kravchenko , kt\u00f3ra w roczniku&nbsp;&nbsp;2017 \u2013 w wieloboju zaj\u0119\u0142a&nbsp;miejsce , a tak\u017ce gratulacje dla &nbsp; &nbsp;Zuzanny &nbsp;Zynek , kt\u00f3ra w og\u00f3lnej rywalizacji [&hellip;]<\/p>\n","protected":false},"author":9,"featured_media":0,"comment_status":"closed","ping_status":"open","sticky":false,"template":"","format":"standard","meta":{"ngg_post_thumbnail":0,"footnotes":"","_links_to":"","_links_to_target":""},"categories":[4],"tags":[],"class_list":["post-17694","post","type-post","status-publish","format-standard","hentry","category-news"],"_links":{"self":[{"href":"https:\/\/www.prus.sosnowiec.pl\/index.php\/wp-json\/wp\/v2\/posts\/17694","targetHints":{"allow":["GET"]}}],"collection":[{"href":"https:\/\/www.prus.sosnowiec.pl\/index.php\/wp-json\/wp\/v2\/posts"}],"about":[{"href":"https:\/\/www.prus.sosnowiec.pl\/index.php\/wp-json\/wp\/v2\/types\/post"}],"author":[{"embeddable":true,"href":"https:\/\/www.prus.sosnowiec.pl\/index.php\/wp-json\/wp\/v2\/users\/9"}],"replies":[{"embeddable":true,"href":"https:\/\/www.prus.sosnowiec.pl\/index.php\/wp-json\/wp\/v2\/comments?post=17694"}],"version-history":[{"count":2,"href":"https:\/\/www.prus.sosnowiec.pl\/index.php\/wp-json\/wp\/v2\/posts\/17694\/revisions"}],"predecessor-version":[{"id":17697,"href":"https:\/\/www.prus.sosnowiec.pl\/index.php\/wp-json\/wp\/v2\/posts\/17694\/revisions\/17697"}],"wp:attachment":[{"href":"https:\/\/www.prus.sosnowiec.pl\/index.php\/wp-json\/wp\/v2\/media?parent=17694"}],"wp:term":[{"taxonomy":"category","embeddable":true,"href":"https:\/\/www.prus.sosnowiec.pl\/index.php\/wp-json\/wp\/v2\/categories?post=17694"},{"taxonomy":"post_tag","embeddable":true,"href":"https:\/\/www.prus.sosnowiec.pl\/index.php\/wp-json\/wp\/v2\/tags?post=17694"}],"curies":[{"name":"wp","href":"https:\/\/api.w.org\/{rel}","templated":true}]}}