{"id":17704,"date":"2025-06-18T12:23:05","date_gmt":"2025-06-18T10:23:05","guid":{"rendered":"https:\/\/www.prus.sosnowiec.pl\/?p=17704"},"modified":"2025-06-25T12:29:14","modified_gmt":"2025-06-25T10:29:14","slug":"udzial-mlodziezy-klasy-iii-b-lo-im-boleslawa-prusa-w-konferencji-bezpieczne-wakacje-2025","status":"publish","type":"post","link":"https:\/\/www.prus.sosnowiec.pl\/index.php\/2025\/06\/18\/udzial-mlodziezy-klasy-iii-b-lo-im-boleslawa-prusa-w-konferencji-bezpieczne-wakacje-2025\/","title":{"rendered":"Udzia\u0142 m\u0142odzie\u017cy klasy III b LO\u00a0\u00a0im. Boles\u0142awa Prusa w konferencji \u201cBezpieczne wakacje 2025\u201d"},"content":{"rendered":"<p>W dniu 03.06.2025r uczniowie klasy III B Liceum Og\u00f3lnokszta\u0142c\u0105cego&nbsp;&nbsp;im.Boles\u0142awa Prusa wzi\u0119li udzia\u0142 w konferencji edukacyjnej \u201cBezpieczne wakacje 2025\u201d, po\u015bwi\u0119conej szeroko poj\u0119temu bezpiecze\u0144stwu m\u0142odzie\u017cy podczas letniego wypoczynku.<\/p>\n<p>Podczas wydarzenia m\u0142odzie\u017c uczestniczy\u0142a w trzech panelach tematycznych. Pierwszy z nich dotyczy\u0142 bezpiecze\u0144stwa nad wod\u0105, procesu toni\u0119cia oraz zasad udzielania pierwszej pomocy \u2013 podkre\u015blono rol\u0119 szybkiej reakcji i obywatelskiego obowi\u0105zku niesienia pomocy.<\/p>\n<p>Drugi panel po\u015bwi\u0119cono niezwykle wa\u017cnemu tematowi handlu lud\u017ami i pracy przymusowej. Prelegenci zwr\u00f3cili uwag\u0119 na mechanizmy werbowania ofiar oraz przedstawili sposoby rozpoznawania i unikania niebezpiecznych sytuacji, kt\u00f3re mog\u0105 pojawi\u0107 si\u0119 m.in. podczas podejmowania wakacyjnego zatrudnienia za granic\u0105.<\/p>\n<p>Trzeci wyk\u0142ad skupia\u0142 si\u0119 na ryzykownych zachowaniach m\u0142odzie\u017cy i prawnych konsekwencjach wynikaj\u0105cych z nieodpowiedzialnych decyzji. Poruszono kwestie odpowiedzialno\u015bci karnej nieletnich oraz om\u00f3wiono realne przypadki, z jakimi spotykaj\u0105 si\u0119 s\u0142u\u017cby.<\/p>\n<p>Udzia\u0142 w konferencji by\u0142 dla uczni\u00f3w cennym do\u015bwiadczeniem i wa\u017cn\u0105 lekcj\u0105 odpowiedzialno\u015bci, kt\u00f3ra \u2013 mamy nadziej\u0119 \u2013 zaowocuje bezpiecznym i \u015bwiadomym sp\u0119dzaniem wakacji.<\/p>\n<p>Nauczyciel j\u0119zyka polskiego Agnieszka M\u0105czka<\/p>\n<p><img loading=\"lazy\" decoding=\"async\" class=\"aligncenter size-full wp-image-17705\" src=\"https:\/\/serwer1476418.home.pl\/new\/wp-content\/uploads\/2025\/06\/345sder45zzzzzzzzz.jpg\" alt=\"\" width=\"800\" height=\"558\" srcset=\"https:\/\/serwer1476418.home.pl\/new\/wp-content\/uploads\/2025\/06\/345sder45zzzzzzzzz.jpg 800w, https:\/\/serwer1476418.home.pl\/new\/wp-content\/uploads\/2025\/06\/345sder45zzzzzzzzz-300x209.jpg 300w, https:\/\/serwer1476418.home.pl\/new\/wp-content\/uploads\/2025\/06\/345sder45zzzzzzzzz-768x536.jpg 768w\" sizes=\"auto, (max-width: 800px) 100vw, 800px\" \/><\/p>\n","protected":false},"excerpt":{"rendered":"<p>W dniu 03.06.2025r uczniowie klasy III B Liceum Og\u00f3lnokszta\u0142c\u0105cego&nbsp;&nbsp;im.Boles\u0142awa Prusa wzi\u0119li udzia\u0142 w konferencji edukacyjnej \u201cBezpieczne wakacje 2025\u201d, po\u015bwi\u0119conej szeroko poj\u0119temu bezpiecze\u0144stwu m\u0142odzie\u017cy podczas letniego wypoczynku. Podczas wydarzenia m\u0142odzie\u017c uczestniczy\u0142a w trzech panelach tematycznych. Pierwszy z nich dotyczy\u0142 bezpiecze\u0144stwa nad wod\u0105, procesu toni\u0119cia oraz zasad udzielania pierwszej pomocy \u2013 podkre\u015blono rol\u0119 szybkiej reakcji i obywatelskiego [&hellip;]<\/p>\n","protected":false},"author":9,"featured_media":0,"comment_status":"closed","ping_status":"open","sticky":false,"template":"","format":"standard","meta":{"ngg_post_thumbnail":0,"footnotes":"","_links_to":"","_links_to_target":""},"categories":[4],"tags":[],"class_list":["post-17704","post","type-post","status-publish","format-standard","hentry","category-news"],"_links":{"self":[{"href":"https:\/\/www.prus.sosnowiec.pl\/index.php\/wp-json\/wp\/v2\/posts\/17704","targetHints":{"allow":["GET"]}}],"collection":[{"href":"https:\/\/www.prus.sosnowiec.pl\/index.php\/wp-json\/wp\/v2\/posts"}],"about":[{"href":"https:\/\/www.prus.sosnowiec.pl\/index.php\/wp-json\/wp\/v2\/types\/post"}],"author":[{"embeddable":true,"href":"https:\/\/www.prus.sosnowiec.pl\/index.php\/wp-json\/wp\/v2\/users\/9"}],"replies":[{"embeddable":true,"href":"https:\/\/www.prus.sosnowiec.pl\/index.php\/wp-json\/wp\/v2\/comments?post=17704"}],"version-history":[{"count":1,"href":"https:\/\/www.prus.sosnowiec.pl\/index.php\/wp-json\/wp\/v2\/posts\/17704\/revisions"}],"predecessor-version":[{"id":17706,"href":"https:\/\/www.prus.sosnowiec.pl\/index.php\/wp-json\/wp\/v2\/posts\/17704\/revisions\/17706"}],"wp:attachment":[{"href":"https:\/\/www.prus.sosnowiec.pl\/index.php\/wp-json\/wp\/v2\/media?parent=17704"}],"wp:term":[{"taxonomy":"category","embeddable":true,"href":"https:\/\/www.prus.sosnowiec.pl\/index.php\/wp-json\/wp\/v2\/categories?post=17704"},{"taxonomy":"post_tag","embeddable":true,"href":"https:\/\/www.prus.sosnowiec.pl\/index.php\/wp-json\/wp\/v2\/tags?post=17704"}],"curies":[{"name":"wp","href":"https:\/\/api.w.org\/{rel}","templated":true}]}}