{"id":17707,"date":"2025-06-18T12:34:47","date_gmt":"2025-06-18T10:34:47","guid":{"rendered":"https:\/\/www.prus.sosnowiec.pl\/?p=17707"},"modified":"2025-06-25T12:52:07","modified_gmt":"2025-06-25T10:52:07","slug":"warsztaty-w-sadzie-okregowym-w-sosnowcu","status":"publish","type":"post","link":"https:\/\/www.prus.sosnowiec.pl\/index.php\/2025\/06\/18\/warsztaty-w-sadzie-okregowym-w-sosnowcu\/","title":{"rendered":"Warsztaty w S\u0105dzie Okr\u0119gowym w Sosnowcu."},"content":{"rendered":"<p>Uczniowie klasy Ia i IIIa wzi\u0119li udzia\u0142 w bardzo ciekawych warsztatach edukacyjnych, kt\u00f3re<br \/>\nprzybli\u017cy\u0142y im zasady funkcjonowania wymiaru sprawiedliwo\u015bci. Na wycieczce 6.06.<br \/>\nuzyskali\u015bmy wiele ciekawych informacji i otrzymali\u015bmy odpowiedzi na nurtuj\u0105ce nas<br \/>\npytania. W zakresie prawa karnego prowadz\u0105cym spotkanie by\u0142 S\u0119dzia Mariusz Kucharski,<br \/>\na po budynku s\u0105du oprowadza\u0142a nas Pani Miros\u0142awa Wandachowicz. Dowiedzieli\u015bmy si\u0119,<br \/>\n\u017ce akta maj\u0105 czerwony i zielony pas \/sprawy karne, sprawy cywilne\/, a tak\u017ce co to jest pozew.<br \/>\nWiemy na czym polega praca biura podawczego, policji s\u0105dowej i pracownik\u00f3w ochrony. Jak<br \/>\nwygl\u0105da areszt wi\u0119\u017ani\u00f3w czekaj\u0105cych na rozpraw\u0119 i czego nie mo\u017cemy wnosi\u0107 do budynku<br \/>\nS\u0105du, gdzie przechowuje si\u0119 dowody rzeczowe w sprawie. Du\u017ce wra\u017cenie zrobi\u0142a na nas sala<br \/>\nrozpraw. Pan S\u0119dzia i Pani Wandachowicz bardzo ciekawie opowiadali o pracy os\u00f3b<br \/>\npe\u0142ni\u0105cych r\u00f3\u017cne funkcje w wymiarze sprawiedliwo\u015bci i o samym budynku. To by\u0142a \u015bwietna<br \/>\nlekcja.<br \/>\nWioletta R\u00f3\u017cyc<\/p>\nngg_shortcode_0_placeholder\n","protected":false},"excerpt":{"rendered":"<p>Uczniowie klasy Ia i IIIa wzi\u0119li udzia\u0142 w bardzo ciekawych warsztatach edukacyjnych, kt\u00f3re przybli\u017cy\u0142y im zasady funkcjonowania wymiaru sprawiedliwo\u015bci. Na wycieczce 6.06. uzyskali\u015bmy wiele ciekawych informacji i otrzymali\u015bmy odpowiedzi na nurtuj\u0105ce nas pytania. W zakresie prawa karnego prowadz\u0105cym spotkanie by\u0142 S\u0119dzia Mariusz Kucharski, a po budynku s\u0105du oprowadza\u0142a nas Pani Miros\u0142awa Wandachowicz. Dowiedzieli\u015bmy si\u0119, \u017ce [&hellip;]<\/p>\n","protected":false},"author":9,"featured_media":0,"comment_status":"closed","ping_status":"open","sticky":false,"template":"","format":"standard","meta":{"ngg_post_thumbnail":0,"footnotes":"","_links_to":"","_links_to_target":""},"categories":[4],"tags":[],"class_list":["post-17707","post","type-post","status-publish","format-standard","hentry","category-news"],"_links":{"self":[{"href":"https:\/\/www.prus.sosnowiec.pl\/index.php\/wp-json\/wp\/v2\/posts\/17707","targetHints":{"allow":["GET"]}}],"collection":[{"href":"https:\/\/www.prus.sosnowiec.pl\/index.php\/wp-json\/wp\/v2\/posts"}],"about":[{"href":"https:\/\/www.prus.sosnowiec.pl\/index.php\/wp-json\/wp\/v2\/types\/post"}],"author":[{"embeddable":true,"href":"https:\/\/www.prus.sosnowiec.pl\/index.php\/wp-json\/wp\/v2\/users\/9"}],"replies":[{"embeddable":true,"href":"https:\/\/www.prus.sosnowiec.pl\/index.php\/wp-json\/wp\/v2\/comments?post=17707"}],"version-history":[{"count":3,"href":"https:\/\/www.prus.sosnowiec.pl\/index.php\/wp-json\/wp\/v2\/posts\/17707\/revisions"}],"predecessor-version":[{"id":17881,"href":"https:\/\/www.prus.sosnowiec.pl\/index.php\/wp-json\/wp\/v2\/posts\/17707\/revisions\/17881"}],"wp:attachment":[{"href":"https:\/\/www.prus.sosnowiec.pl\/index.php\/wp-json\/wp\/v2\/media?parent=17707"}],"wp:term":[{"taxonomy":"category","embeddable":true,"href":"https:\/\/www.prus.sosnowiec.pl\/index.php\/wp-json\/wp\/v2\/categories?post=17707"},{"taxonomy":"post_tag","embeddable":true,"href":"https:\/\/www.prus.sosnowiec.pl\/index.php\/wp-json\/wp\/v2\/tags?post=17707"}],"curies":[{"name":"wp","href":"https:\/\/api.w.org\/{rel}","templated":true}]}}