{"id":17871,"date":"2025-08-28T12:46:12","date_gmt":"2025-08-28T10:46:12","guid":{"rendered":"https:\/\/www.prus.sosnowiec.pl\/?p=17871"},"modified":"2025-08-28T12:46:12","modified_gmt":"2025-08-28T10:46:12","slug":"przyjeci-do-bursy","status":"publish","type":"post","link":"https:\/\/www.prus.sosnowiec.pl\/index.php\/2025\/08\/28\/przyjeci-do-bursy\/","title":{"rendered":"Przyj\u0119ci do Bursy"},"content":{"rendered":"<p>Lista przyj\u0119tych do Bursy<\/p>\n<p>&nbsp;<\/p>\n<blockquote class=\"wp-embedded-content\" data-secret=\"CMNvQPByPS\"><p><a href=\"https:\/\/www.prus.sosnowiec.pl\/index.php\/lista-przyjetych-na-rok-szkolny-2025-2026\/\">Lista przyj\u0119tych na rok szkolny 2025-2026<\/a><\/p><\/blockquote>\n<p><iframe loading=\"lazy\" class=\"wp-embedded-content\" sandbox=\"allow-scripts\" security=\"restricted\" style=\"position: absolute; clip: rect(1px, 1px, 1px, 1px);\" title=\"&#8222;Lista przyj\u0119tych na rok szkolny 2025-2026&#8221; &#8212; III LO, SP48 - Zesp\u00f3\u0142 Szk\u00f3\u0142 Og\u00f3lnokszta\u0142c\u0105cych nr 3 w Sosnowcu\" src=\"https:\/\/www.prus.sosnowiec.pl\/index.php\/lista-przyjetych-na-rok-szkolny-2025-2026\/embed\/#?secret=bMsI7akKou#?secret=CMNvQPByPS\" data-secret=\"CMNvQPByPS\" width=\"600\" height=\"338\" frameborder=\"0\" marginwidth=\"0\" marginheight=\"0\" scrolling=\"no\"><\/iframe><\/p>\n","protected":false},"excerpt":{"rendered":"<p>Lista przyj\u0119tych do Bursy &nbsp; Lista przyj\u0119tych na rok szkolny 2025-2026<\/p>\n","protected":false},"author":10,"featured_media":0,"comment_status":"closed","ping_status":"open","sticky":false,"template":"","format":"standard","meta":{"ngg_post_thumbnail":0,"footnotes":"","_links_to":"","_links_to_target":""},"categories":[4],"tags":[],"class_list":["post-17871","post","type-post","status-publish","format-standard","hentry","category-news"],"_links":{"self":[{"href":"https:\/\/www.prus.sosnowiec.pl\/index.php\/wp-json\/wp\/v2\/posts\/17871","targetHints":{"allow":["GET"]}}],"collection":[{"href":"https:\/\/www.prus.sosnowiec.pl\/index.php\/wp-json\/wp\/v2\/posts"}],"about":[{"href":"https:\/\/www.prus.sosnowiec.pl\/index.php\/wp-json\/wp\/v2\/types\/post"}],"author":[{"embeddable":true,"href":"https:\/\/www.prus.sosnowiec.pl\/index.php\/wp-json\/wp\/v2\/users\/10"}],"replies":[{"embeddable":true,"href":"https:\/\/www.prus.sosnowiec.pl\/index.php\/wp-json\/wp\/v2\/comments?post=17871"}],"version-history":[{"count":1,"href":"https:\/\/www.prus.sosnowiec.pl\/index.php\/wp-json\/wp\/v2\/posts\/17871\/revisions"}],"predecessor-version":[{"id":17872,"href":"https:\/\/www.prus.sosnowiec.pl\/index.php\/wp-json\/wp\/v2\/posts\/17871\/revisions\/17872"}],"wp:attachment":[{"href":"https:\/\/www.prus.sosnowiec.pl\/index.php\/wp-json\/wp\/v2\/media?parent=17871"}],"wp:term":[{"taxonomy":"category","embeddable":true,"href":"https:\/\/www.prus.sosnowiec.pl\/index.php\/wp-json\/wp\/v2\/categories?post=17871"},{"taxonomy":"post_tag","embeddable":true,"href":"https:\/\/www.prus.sosnowiec.pl\/index.php\/wp-json\/wp\/v2\/tags?post=17871"}],"curies":[{"name":"wp","href":"https:\/\/api.w.org\/{rel}","templated":true}]}}