{"id":18352,"date":"2025-10-12T10:58:11","date_gmt":"2025-10-12T08:58:11","guid":{"rendered":"https:\/\/www.prus.sosnowiec.pl\/?p=18352"},"modified":"2025-10-15T11:07:59","modified_gmt":"2025-10-15T09:07:59","slug":"sukces-magdy-w-stambule-brazowy-medal-w-grze-podwojnej","status":"publish","type":"post","link":"https:\/\/www.prus.sosnowiec.pl\/index.php\/2025\/10\/12\/sukces-magdy-w-stambule-brazowy-medal-w-grze-podwojnej\/","title":{"rendered":"Sukces Magdy w Stambule \u2013 br\u0105zowy medal w grze podw\u00f3jnej"},"content":{"rendered":"<div>\n<div dir=\"auto\"><img loading=\"lazy\" decoding=\"async\" class=\"CToWUd\" src=\"https:\/\/ci3.googleusercontent.com\/meips\/ADKq_NYookpqhXk11hTY0BBI7Ix4n8nrPhhcCSXhmG_ZkkwpbTxPi-U5VzhUfVRUbmWg5LIfuSQZvChhDugKf6h8XtBFq9W44fouj_2NNxyhVBd1ecvj5wRP5mY=s0-d-e1-ft#https:\/\/static.xx.fbcdn.net\/images\/emoji.php\/v9\/tbe\/1\/16\/1f3c6.png\" alt=\"\ud83c\udfc6\" width=\"16\" height=\"16\" data-bit=\"iit\">Za mn\u0105 Mistrzostwa Europy w Para-badmintonie w Stambule w Turcji.<\/div>\n<div dir=\"auto\">Turniej odbywa\u0142 si\u0119 w dniach od 30 wrze\u015bnia do 5 pa\u017adziernika. Uda\u0142o mi si\u0119 zdoby\u0107 br\u0105zowy medal w&nbsp;grze podw\u00f3jnej. By\u0142 to historyczne mistrzostwa Europy poniewa\u017c nasza kadra po raz pierwszy przywioz\u0142a r\u00f3wnie\u017c medale w kategorii gier w\u00f3zkowych. \u0141\u0105cznie nasi zawodnicy przywie\u017ali ich 10.<\/div>\n<div dir=\"auto\">Magdalena Kozera, uczennica klasy 4c<\/div>\n<\/div>\n<div>\n<div dir=\"auto\">Gratulacje dla Magdaleny<img loading=\"lazy\" decoding=\"async\" class=\"CToWUd\" src=\"https:\/\/ci3.googleusercontent.com\/meips\/ADKq_NaeWPImQ3gRuGUavRc61D7v3JyI8lL-63VUiSulfbtbYb4KeSBhF2CTtvbnpNA2t2h0TB59GhT_8j3LxcfzZBg__Wu4U_hS-jae9pTdupabqLIJ6WuqzcY=s0-d-e1-ft#https:\/\/static.xx.fbcdn.net\/images\/emoji.php\/v9\/tfe\/1\/16\/1f44f.png\" alt=\"\ud83d\udc4f\" width=\"16\" height=\"16\" data-bit=\"iit\"><img loading=\"lazy\" decoding=\"async\" class=\"CToWUd\" src=\"https:\/\/ci3.googleusercontent.com\/meips\/ADKq_NaeWPImQ3gRuGUavRc61D7v3JyI8lL-63VUiSulfbtbYb4KeSBhF2CTtvbnpNA2t2h0TB59GhT_8j3LxcfzZBg__Wu4U_hS-jae9pTdupabqLIJ6WuqzcY=s0-d-e1-ft#https:\/\/static.xx.fbcdn.net\/images\/emoji.php\/v9\/tfe\/1\/16\/1f44f.png\" alt=\"\ud83d\udc4f\" width=\"16\" height=\"16\" data-bit=\"iit\"><img loading=\"lazy\" decoding=\"async\" class=\"CToWUd\" src=\"https:\/\/ci3.googleusercontent.com\/meips\/ADKq_NaeWPImQ3gRuGUavRc61D7v3JyI8lL-63VUiSulfbtbYb4KeSBhF2CTtvbnpNA2t2h0TB59GhT_8j3LxcfzZBg__Wu4U_hS-jae9pTdupabqLIJ6WuqzcY=s0-d-e1-ft#https:\/\/static.xx.fbcdn.net\/images\/emoji.php\/v9\/tfe\/1\/16\/1f44f.png\" alt=\"\ud83d\udc4f\" width=\"16\" height=\"16\" data-bit=\"iit\"><\/div>\n<div dir=\"auto\">ngg_shortcode_0_placeholder<\/div>\n<\/div>\n","protected":false},"excerpt":{"rendered":"<p>Za mn\u0105 Mistrzostwa Europy w Para-badmintonie w Stambule w Turcji. Turniej odbywa\u0142 si\u0119 w dniach od 30 wrze\u015bnia do 5 pa\u017adziernika. Uda\u0142o mi si\u0119 zdoby\u0107 br\u0105zowy medal w&nbsp;grze podw\u00f3jnej. By\u0142 to historyczne mistrzostwa Europy poniewa\u017c nasza kadra po raz pierwszy przywioz\u0142a r\u00f3wnie\u017c medale w kategorii gier w\u00f3zkowych. \u0141\u0105cznie nasi zawodnicy przywie\u017ali ich 10. Magdalena Kozera, [&hellip;]<\/p>\n","protected":false},"author":9,"featured_media":0,"comment_status":"closed","ping_status":"open","sticky":false,"template":"","format":"standard","meta":{"ngg_post_thumbnail":0,"footnotes":"","_links_to":"","_links_to_target":""},"categories":[4],"tags":[],"class_list":["post-18352","post","type-post","status-publish","format-standard","hentry","category-news"],"_links":{"self":[{"href":"https:\/\/www.prus.sosnowiec.pl\/index.php\/wp-json\/wp\/v2\/posts\/18352","targetHints":{"allow":["GET"]}}],"collection":[{"href":"https:\/\/www.prus.sosnowiec.pl\/index.php\/wp-json\/wp\/v2\/posts"}],"about":[{"href":"https:\/\/www.prus.sosnowiec.pl\/index.php\/wp-json\/wp\/v2\/types\/post"}],"author":[{"embeddable":true,"href":"https:\/\/www.prus.sosnowiec.pl\/index.php\/wp-json\/wp\/v2\/users\/9"}],"replies":[{"embeddable":true,"href":"https:\/\/www.prus.sosnowiec.pl\/index.php\/wp-json\/wp\/v2\/comments?post=18352"}],"version-history":[{"count":3,"href":"https:\/\/www.prus.sosnowiec.pl\/index.php\/wp-json\/wp\/v2\/posts\/18352\/revisions"}],"predecessor-version":[{"id":18361,"href":"https:\/\/www.prus.sosnowiec.pl\/index.php\/wp-json\/wp\/v2\/posts\/18352\/revisions\/18361"}],"wp:attachment":[{"href":"https:\/\/www.prus.sosnowiec.pl\/index.php\/wp-json\/wp\/v2\/media?parent=18352"}],"wp:term":[{"taxonomy":"category","embeddable":true,"href":"https:\/\/www.prus.sosnowiec.pl\/index.php\/wp-json\/wp\/v2\/categories?post=18352"},{"taxonomy":"post_tag","embeddable":true,"href":"https:\/\/www.prus.sosnowiec.pl\/index.php\/wp-json\/wp\/v2\/tags?post=18352"}],"curies":[{"name":"wp","href":"https:\/\/api.w.org\/{rel}","templated":true}]}}