{"id":19796,"date":"2026-01-14T22:31:58","date_gmt":"2026-01-14T21:31:58","guid":{"rendered":"https:\/\/www.prus.sosnowiec.pl\/?p=19796"},"modified":"2026-01-14T22:51:16","modified_gmt":"2026-01-14T21:51:16","slug":"szczeniak-chaps","status":"publish","type":"post","link":"https:\/\/www.prus.sosnowiec.pl\/index.php\/2026\/01\/14\/szczeniak-chaps\/","title":{"rendered":"Szczeniak Chaps."},"content":{"rendered":"<div dir=\"auto\">Na pewno pami\u0119tacie nasz\u0105 podopieczn\u0105 Kiki. Dobra wiadomo\u015b\u0107 jest taka, \u017ce KIKI znalaz\u0142a prawdziwy dom<img loading=\"lazy\" decoding=\"async\" class=\"CToWUd\" src=\"https:\/\/ci3.googleusercontent.com\/meips\/ADKq_NZRrj8noAn6j807cfIhGjF1hVtX5h3qP9cAd0G44lg6i4-6qu_yq3xLBhOYqfLMOwdJzaZJYL5UP80500AkKkmISYHMdWrq9cmdYcmK1TOjPLHaPGiWRg=s0-d-e1-ft#https:\/\/static.xx.fbcdn.net\/images\/emoji.php\/v9\/t6c\/1\/16\/2764.png\" alt=\"\u2764\" width=\"16\" height=\"16\" data-bit=\"iit\"><img loading=\"lazy\" decoding=\"async\" class=\"CToWUd\" src=\"https:\/\/ci3.googleusercontent.com\/meips\/ADKq_NZRrj8noAn6j807cfIhGjF1hVtX5h3qP9cAd0G44lg6i4-6qu_yq3xLBhOYqfLMOwdJzaZJYL5UP80500AkKkmISYHMdWrq9cmdYcmK1TOjPLHaPGiWRg=s0-d-e1-ft#https:\/\/static.xx.fbcdn.net\/images\/emoji.php\/v9\/t6c\/1\/16\/2764.png\" alt=\"\u2764\" width=\"16\" height=\"16\" data-bit=\"iit\"><img loading=\"lazy\" decoding=\"async\" class=\"CToWUd\" src=\"https:\/\/ci3.googleusercontent.com\/meips\/ADKq_NZRrj8noAn6j807cfIhGjF1hVtX5h3qP9cAd0G44lg6i4-6qu_yq3xLBhOYqfLMOwdJzaZJYL5UP80500AkKkmISYHMdWrq9cmdYcmK1TOjPLHaPGiWRg=s0-d-e1-ft#https:\/\/static.xx.fbcdn.net\/images\/emoji.php\/v9\/t6c\/1\/16\/2764.png\" alt=\"\u2764\" width=\"16\" height=\"16\" data-bit=\"iit\"><\/div>\n<div dir=\"auto\">Nasz kolejny wirtualny podopieczny to szczeniaczek Chaps. Ten ma\u0142y psiak zosta\u0142 podrzucony na plebani\u0119 w Mys\u0142owicach. B\u0119dziemy z nim czeka\u0107 na szcz\u0119\u015bliw\u0105 adopcj\u0119!!!<img loading=\"lazy\" decoding=\"async\" class=\"CToWUd\" src=\"https:\/\/ci3.googleusercontent.com\/meips\/ADKq_NZUVxM-Rs_MZ39UseJADTiVf-rTqZlkLZdPnGVPKJLnAEKFpm2L2Sh5cOQqOp83H0eybEU-3ZcW1ORg3IUC-52WJN005ZN-PJ1wJzjT7psiwyaSBM49aNs=s0-d-e1-ft#https:\/\/static.xx.fbcdn.net\/images\/emoji.php\/v9\/t94\/1\/16\/1f49a.png\" alt=\"\ud83d\udc9a\" width=\"16\" height=\"16\" data-bit=\"iit\"><img loading=\"lazy\" decoding=\"async\" class=\"CToWUd\" src=\"https:\/\/ci3.googleusercontent.com\/meips\/ADKq_NZUVxM-Rs_MZ39UseJADTiVf-rTqZlkLZdPnGVPKJLnAEKFpm2L2Sh5cOQqOp83H0eybEU-3ZcW1ORg3IUC-52WJN005ZN-PJ1wJzjT7psiwyaSBM49aNs=s0-d-e1-ft#https:\/\/static.xx.fbcdn.net\/images\/emoji.php\/v9\/t94\/1\/16\/1f49a.png\" alt=\"\ud83d\udc9a\" width=\"16\" height=\"16\" data-bit=\"iit\"><img loading=\"lazy\" decoding=\"async\" class=\"CToWUd\" src=\"https:\/\/ci3.googleusercontent.com\/meips\/ADKq_NZUVxM-Rs_MZ39UseJADTiVf-rTqZlkLZdPnGVPKJLnAEKFpm2L2Sh5cOQqOp83H0eybEU-3ZcW1ORg3IUC-52WJN005ZN-PJ1wJzjT7psiwyaSBM49aNs=s0-d-e1-ft#https:\/\/static.xx.fbcdn.net\/images\/emoji.php\/v9\/t94\/1\/16\/1f49a.png\" alt=\"\ud83d\udc9a\" width=\"16\" height=\"16\" data-bit=\"iit\"><\/div>\n<div dir=\"auto\">Klasa IIa z wychowawc\u0105<\/div>\n<div dir=\"auto\"><img loading=\"lazy\" decoding=\"async\" class=\"aligncenter size-full wp-image-19802\" src=\"https:\/\/serwer1476418.home.pl\/new\/wp-content\/uploads\/2026\/01\/Bez-nazwuuuuuy.jpg\" alt=\"\" width=\"1052\" height=\"888\" srcset=\"https:\/\/serwer1476418.home.pl\/new\/wp-content\/uploads\/2026\/01\/Bez-nazwuuuuuy.jpg 1052w, https:\/\/serwer1476418.home.pl\/new\/wp-content\/uploads\/2026\/01\/Bez-nazwuuuuuy-300x253.jpg 300w, https:\/\/serwer1476418.home.pl\/new\/wp-content\/uploads\/2026\/01\/Bez-nazwuuuuuy-1024x864.jpg 1024w, https:\/\/serwer1476418.home.pl\/new\/wp-content\/uploads\/2026\/01\/Bez-nazwuuuuuy-768x648.jpg 768w\" sizes=\"auto, (max-width: 1052px) 100vw, 1052px\" \/><\/div>\n","protected":false},"excerpt":{"rendered":"<p>Na pewno pami\u0119tacie nasz\u0105 podopieczn\u0105 Kiki. Dobra wiadomo\u015b\u0107 jest taka, \u017ce KIKI znalaz\u0142a prawdziwy dom Nasz kolejny wirtualny podopieczny to szczeniaczek Chaps. Ten ma\u0142y psiak zosta\u0142 podrzucony na plebani\u0119 w Mys\u0142owicach. B\u0119dziemy z nim czeka\u0107 na szcz\u0119\u015bliw\u0105 adopcj\u0119!!! Klasa IIa z wychowawc\u0105<\/p>\n","protected":false},"author":9,"featured_media":0,"comment_status":"closed","ping_status":"open","sticky":false,"template":"","format":"standard","meta":{"ngg_post_thumbnail":0,"footnotes":"","_links_to":"","_links_to_target":""},"categories":[4],"tags":[],"class_list":["post-19796","post","type-post","status-publish","format-standard","hentry","category-news"],"_links":{"self":[{"href":"https:\/\/www.prus.sosnowiec.pl\/index.php\/wp-json\/wp\/v2\/posts\/19796","targetHints":{"allow":["GET"]}}],"collection":[{"href":"https:\/\/www.prus.sosnowiec.pl\/index.php\/wp-json\/wp\/v2\/posts"}],"about":[{"href":"https:\/\/www.prus.sosnowiec.pl\/index.php\/wp-json\/wp\/v2\/types\/post"}],"author":[{"embeddable":true,"href":"https:\/\/www.prus.sosnowiec.pl\/index.php\/wp-json\/wp\/v2\/users\/9"}],"replies":[{"embeddable":true,"href":"https:\/\/www.prus.sosnowiec.pl\/index.php\/wp-json\/wp\/v2\/comments?post=19796"}],"version-history":[{"count":4,"href":"https:\/\/www.prus.sosnowiec.pl\/index.php\/wp-json\/wp\/v2\/posts\/19796\/revisions"}],"predecessor-version":[{"id":19803,"href":"https:\/\/www.prus.sosnowiec.pl\/index.php\/wp-json\/wp\/v2\/posts\/19796\/revisions\/19803"}],"wp:attachment":[{"href":"https:\/\/www.prus.sosnowiec.pl\/index.php\/wp-json\/wp\/v2\/media?parent=19796"}],"wp:term":[{"taxonomy":"category","embeddable":true,"href":"https:\/\/www.prus.sosnowiec.pl\/index.php\/wp-json\/wp\/v2\/categories?post=19796"},{"taxonomy":"post_tag","embeddable":true,"href":"https:\/\/www.prus.sosnowiec.pl\/index.php\/wp-json\/wp\/v2\/tags?post=19796"}],"curies":[{"name":"wp","href":"https:\/\/api.w.org\/{rel}","templated":true}]}}