{"id":19869,"date":"2026-01-21T14:22:56","date_gmt":"2026-01-21T13:22:56","guid":{"rendered":"https:\/\/www.prus.sosnowiec.pl\/?p=19869"},"modified":"2026-01-21T14:22:56","modified_gmt":"2026-01-21T13:22:56","slug":"%f0%9f%91%b5%f0%9f%91%b4-dzien-babci-i-dziadka-oczami-uczniow-klas-ii","status":"publish","type":"post","link":"https:\/\/www.prus.sosnowiec.pl\/index.php\/2026\/01\/21\/%f0%9f%91%b5%f0%9f%91%b4-dzien-babci-i-dziadka-oczami-uczniow-klas-ii\/","title":{"rendered":"\ud83d\udc75\ud83d\udc74 Dzie\u0144 Babci i Dziadka oczami uczni\u00f3w klas II"},"content":{"rendered":"<p><span style=\"color: #000000;\">Dzieci z klas II pami\u0119taj\u0105c o swoich Kochanych Babciach i Dziadziusiach przygotowa\u0142y niespodzianki i&nbsp;sk\u0142adaj\u0105 \u017cyczenia:&nbsp;<\/span><\/p>\n<p><span style=\"font-family: 'Helvetica Neue'; font-size: small; color: #000000;\">Dziadku i Babciu, w dniu Waszego \u015bwi\u0119ta,<\/span><br \/>\n<span style=\"font-family: 'Helvetica Neue'; font-size: small; color: #000000;\">Niech ka\u017cda chwila b\u0119dzie pi\u0119kna.<\/span><br \/>\n<span style=\"font-family: 'Helvetica Neue'; font-size: small; color: #000000;\">Du\u017co zdrowia i mi\u0142o\u015bci,<\/span><\/p>\n<p><span style=\"color: #000000;\">Niech Wam \u017cycie rado\u015b\u0107 przynosi!<\/span><\/p>\nngg_shortcode_0_placeholder\n","protected":false},"excerpt":{"rendered":"<p>Dzieci z klas II pami\u0119taj\u0105c o swoich Kochanych Babciach i Dziadziusiach przygotowa\u0142y niespodzianki i&nbsp;sk\u0142adaj\u0105 \u017cyczenia:&nbsp; Dziadku i Babciu, w dniu Waszego \u015bwi\u0119ta, Niech ka\u017cda chwila b\u0119dzie pi\u0119kna. Du\u017co zdrowia i mi\u0142o\u015bci, Niech Wam \u017cycie rado\u015b\u0107 przynosi!<\/p>\n","protected":false},"author":9,"featured_media":0,"comment_status":"closed","ping_status":"open","sticky":false,"template":"","format":"standard","meta":{"ngg_post_thumbnail":0,"footnotes":"","_links_to":"","_links_to_target":""},"categories":[4],"tags":[],"class_list":["post-19869","post","type-post","status-publish","format-standard","hentry","category-news"],"_links":{"self":[{"href":"https:\/\/www.prus.sosnowiec.pl\/index.php\/wp-json\/wp\/v2\/posts\/19869","targetHints":{"allow":["GET"]}}],"collection":[{"href":"https:\/\/www.prus.sosnowiec.pl\/index.php\/wp-json\/wp\/v2\/posts"}],"about":[{"href":"https:\/\/www.prus.sosnowiec.pl\/index.php\/wp-json\/wp\/v2\/types\/post"}],"author":[{"embeddable":true,"href":"https:\/\/www.prus.sosnowiec.pl\/index.php\/wp-json\/wp\/v2\/users\/9"}],"replies":[{"embeddable":true,"href":"https:\/\/www.prus.sosnowiec.pl\/index.php\/wp-json\/wp\/v2\/comments?post=19869"}],"version-history":[{"count":1,"href":"https:\/\/www.prus.sosnowiec.pl\/index.php\/wp-json\/wp\/v2\/posts\/19869\/revisions"}],"predecessor-version":[{"id":19878,"href":"https:\/\/www.prus.sosnowiec.pl\/index.php\/wp-json\/wp\/v2\/posts\/19869\/revisions\/19878"}],"wp:attachment":[{"href":"https:\/\/www.prus.sosnowiec.pl\/index.php\/wp-json\/wp\/v2\/media?parent=19869"}],"wp:term":[{"taxonomy":"category","embeddable":true,"href":"https:\/\/www.prus.sosnowiec.pl\/index.php\/wp-json\/wp\/v2\/categories?post=19869"},{"taxonomy":"post_tag","embeddable":true,"href":"https:\/\/www.prus.sosnowiec.pl\/index.php\/wp-json\/wp\/v2\/tags?post=19869"}],"curies":[{"name":"wp","href":"https:\/\/api.w.org\/{rel}","templated":true}]}}