{"id":20836,"date":"2026-04-25T10:40:10","date_gmt":"2026-04-25T08:40:10","guid":{"rendered":"https:\/\/www.prus.sosnowiec.pl\/?p=20836"},"modified":"2026-04-25T10:40:10","modified_gmt":"2026-04-25T08:40:10","slug":"uczniowie-klasy-4a-uczestniczyli-dzis-w-wyjatkowej-wycieczce-do-bajki-pana-kleksa-w-katowicach-%f0%9f%a4%93","status":"publish","type":"post","link":"https:\/\/www.prus.sosnowiec.pl\/index.php\/2026\/04\/25\/uczniowie-klasy-4a-uczestniczyli-dzis-w-wyjatkowej-wycieczce-do-bajki-pana-kleksa-w-katowicach-%f0%9f%a4%93\/","title":{"rendered":"Uczniowie klasy 4a uczestniczyli dzi\u015b w wyj\u0105tkowej wycieczce do Bajki Pana Kleksa w Katowicach! \ud83e\udd13"},"content":{"rendered":"<p dir=\"auto\">Podczas wizyty dzieci mia\u0142y okazj\u0119 przenie\u015b\u0107 si\u0119 do magicznego \u015bwiata znanego z tw\u00f3rczo\u015bci Jana Brzechwy, pe\u0142nego kolor\u00f3w, zagadek i niezwyk\u0142ych przyg\u00f3d. Interaktywna forma zwiedzania pozwoli\u0142a uczniom nie tylko \u015bwietnie si\u0119 bawi\u0107, ale tak\u017ce rozwija\u0107 wyobra\u017ani\u0119 i kreatywno\u015b\u0107 :))&nbsp;<\/p>\n<p dir=\"auto\">Poni\u017cej fotorelacja z wyjazdu<\/p>\n<p dir=\"auto\">&nbsp;<img decoding=\"async\" class=\"an1\" draggable=\"false\" src=\"https:\/\/fonts.gstatic.com\/s\/e\/notoemoji\/17.0\/1f337\/72.png\" alt=\"\ud83c\udf37\" data-emoji=\"\ud83c\udf37\" aria-label=\"\ud83c\udf37\"><\/p>\nngg_shortcode_0_placeholder\n<p dir=\"auto\">&nbsp;<\/p>\n","protected":false},"excerpt":{"rendered":"<p>Podczas wizyty dzieci mia\u0142y okazj\u0119 przenie\u015b\u0107 si\u0119 do magicznego \u015bwiata znanego z tw\u00f3rczo\u015bci Jana Brzechwy, pe\u0142nego kolor\u00f3w, zagadek i niezwyk\u0142ych przyg\u00f3d. Interaktywna forma zwiedzania pozwoli\u0142a uczniom nie tylko \u015bwietnie si\u0119 bawi\u0107, ale tak\u017ce rozwija\u0107 wyobra\u017ani\u0119 i kreatywno\u015b\u0107 :))&nbsp; Poni\u017cej fotorelacja z wyjazdu &nbsp; &nbsp;<\/p>\n","protected":false},"author":9,"featured_media":0,"comment_status":"closed","ping_status":"open","sticky":false,"template":"","format":"standard","meta":{"ngg_post_thumbnail":0,"footnotes":"","_links_to":"","_links_to_target":""},"categories":[4],"tags":[],"class_list":["post-20836","post","type-post","status-publish","format-standard","hentry","category-news"],"_links":{"self":[{"href":"https:\/\/www.prus.sosnowiec.pl\/index.php\/wp-json\/wp\/v2\/posts\/20836","targetHints":{"allow":["GET"]}}],"collection":[{"href":"https:\/\/www.prus.sosnowiec.pl\/index.php\/wp-json\/wp\/v2\/posts"}],"about":[{"href":"https:\/\/www.prus.sosnowiec.pl\/index.php\/wp-json\/wp\/v2\/types\/post"}],"author":[{"embeddable":true,"href":"https:\/\/www.prus.sosnowiec.pl\/index.php\/wp-json\/wp\/v2\/users\/9"}],"replies":[{"embeddable":true,"href":"https:\/\/www.prus.sosnowiec.pl\/index.php\/wp-json\/wp\/v2\/comments?post=20836"}],"version-history":[{"count":1,"href":"https:\/\/www.prus.sosnowiec.pl\/index.php\/wp-json\/wp\/v2\/posts\/20836\/revisions"}],"predecessor-version":[{"id":20843,"href":"https:\/\/www.prus.sosnowiec.pl\/index.php\/wp-json\/wp\/v2\/posts\/20836\/revisions\/20843"}],"wp:attachment":[{"href":"https:\/\/www.prus.sosnowiec.pl\/index.php\/wp-json\/wp\/v2\/media?parent=20836"}],"wp:term":[{"taxonomy":"category","embeddable":true,"href":"https:\/\/www.prus.sosnowiec.pl\/index.php\/wp-json\/wp\/v2\/categories?post=20836"},{"taxonomy":"post_tag","embeddable":true,"href":"https:\/\/www.prus.sosnowiec.pl\/index.php\/wp-json\/wp\/v2\/tags?post=20836"}],"curies":[{"name":"wp","href":"https:\/\/api.w.org\/{rel}","templated":true}]}}