{"id":9028,"date":"2022-02-13T09:23:46","date_gmt":"2022-02-13T08:23:46","guid":{"rendered":"http:\/\/www.prus.sosnowiec.pl\/?p=9028"},"modified":"2022-02-13T09:23:46","modified_gmt":"2022-02-13T08:23:46","slug":"bezpieczne-ferie-cd","status":"publish","type":"post","link":"https:\/\/www.prus.sosnowiec.pl\/index.php\/2022\/02\/13\/bezpieczne-ferie-cd\/","title":{"rendered":"Bezpieczne ferie cd\u2026"},"content":{"rendered":"<p>Ostatni dzie\u0144 przed feriami zimowymi, 11.02.2022, to przygotowanie naszej spo\u0142eczno\u015bci SP na bezpieczny wypoczynek i powr\u00f3t do szko\u0142y. Bezpieczne ferie \u2013 Profilaktyka Covid\u201919 zosta\u0142a opanowana przez naszych uczni\u00f3w, a kolejne zaj\u0119cia to Bezpieczne ferie \u2013 Zasady prawid\u0142owego wypoczynku i Zasady bezpiecznego korzystania z atrakcji zimowych tak, aby ca\u0142ym, zdrowym i szcz\u0119\u015bliwym wr\u00f3ci\u0107 do szko\u0142y.<\/p>\n<p>&nbsp;P.S. \u017byczymy udanego wypoczynku i aby teoria prze\u0142o\u017cy\u0142a si\u0119 na praktyk\u0119. &nbsp;<\/p>\n<p>&nbsp;<\/p>\n<p><img loading=\"lazy\" decoding=\"async\" class=\"alignnone size-full wp-image-9029\" src=\"http:\/\/serwer1476418.home.pl\/new\/wp-content\/uploads\/2022\/02\/273454622_675149653616944_7031406056739186461_n.jpg\" alt=\"\" width=\"768\" height=\"768\" srcset=\"https:\/\/serwer1476418.home.pl\/new\/wp-content\/uploads\/2022\/02\/273454622_675149653616944_7031406056739186461_n.jpg 768w, https:\/\/serwer1476418.home.pl\/new\/wp-content\/uploads\/2022\/02\/273454622_675149653616944_7031406056739186461_n-300x300.jpg 300w, https:\/\/serwer1476418.home.pl\/new\/wp-content\/uploads\/2022\/02\/273454622_675149653616944_7031406056739186461_n-150x150.jpg 150w\" sizes=\"auto, (max-width: 768px) 100vw, 768px\" \/> <img loading=\"lazy\" decoding=\"async\" class=\"alignnone size-full wp-image-9030\" src=\"http:\/\/serwer1476418.home.pl\/new\/wp-content\/uploads\/2022\/02\/273524803_3032718213706011_5726069075668045232_n.jpg\" alt=\"\" width=\"768\" height=\"768\" srcset=\"https:\/\/serwer1476418.home.pl\/new\/wp-content\/uploads\/2022\/02\/273524803_3032718213706011_5726069075668045232_n.jpg 768w, https:\/\/serwer1476418.home.pl\/new\/wp-content\/uploads\/2022\/02\/273524803_3032718213706011_5726069075668045232_n-300x300.jpg 300w, https:\/\/serwer1476418.home.pl\/new\/wp-content\/uploads\/2022\/02\/273524803_3032718213706011_5726069075668045232_n-150x150.jpg 150w\" sizes=\"auto, (max-width: 768px) 100vw, 768px\" \/><\/p>\n","protected":false},"excerpt":{"rendered":"<p>Ostatni dzie\u0144 przed feriami zimowymi, 11.02.2022, to przygotowanie naszej spo\u0142eczno\u015bci SP na bezpieczny wypoczynek i powr\u00f3t do szko\u0142y. Bezpieczne ferie \u2013 Profilaktyka Covid\u201919 zosta\u0142a opanowana przez naszych uczni\u00f3w, a kolejne zaj\u0119cia to Bezpieczne ferie \u2013 Zasady prawid\u0142owego wypoczynku i Zasady bezpiecznego korzystania z atrakcji zimowych tak, aby ca\u0142ym, zdrowym i szcz\u0119\u015bliwym wr\u00f3ci\u0107 do szko\u0142y. &nbsp;P.S. [&hellip;]<\/p>\n","protected":false},"author":9,"featured_media":0,"comment_status":"closed","ping_status":"open","sticky":false,"template":"","format":"standard","meta":{"ngg_post_thumbnail":0,"footnotes":"","_links_to":"","_links_to_target":""},"categories":[4],"tags":[],"class_list":["post-9028","post","type-post","status-publish","format-standard","hentry","category-news"],"_links":{"self":[{"href":"https:\/\/www.prus.sosnowiec.pl\/index.php\/wp-json\/wp\/v2\/posts\/9028","targetHints":{"allow":["GET"]}}],"collection":[{"href":"https:\/\/www.prus.sosnowiec.pl\/index.php\/wp-json\/wp\/v2\/posts"}],"about":[{"href":"https:\/\/www.prus.sosnowiec.pl\/index.php\/wp-json\/wp\/v2\/types\/post"}],"author":[{"embeddable":true,"href":"https:\/\/www.prus.sosnowiec.pl\/index.php\/wp-json\/wp\/v2\/users\/9"}],"replies":[{"embeddable":true,"href":"https:\/\/www.prus.sosnowiec.pl\/index.php\/wp-json\/wp\/v2\/comments?post=9028"}],"version-history":[{"count":1,"href":"https:\/\/www.prus.sosnowiec.pl\/index.php\/wp-json\/wp\/v2\/posts\/9028\/revisions"}],"predecessor-version":[{"id":9031,"href":"https:\/\/www.prus.sosnowiec.pl\/index.php\/wp-json\/wp\/v2\/posts\/9028\/revisions\/9031"}],"wp:attachment":[{"href":"https:\/\/www.prus.sosnowiec.pl\/index.php\/wp-json\/wp\/v2\/media?parent=9028"}],"wp:term":[{"taxonomy":"category","embeddable":true,"href":"https:\/\/www.prus.sosnowiec.pl\/index.php\/wp-json\/wp\/v2\/categories?post=9028"},{"taxonomy":"post_tag","embeddable":true,"href":"https:\/\/www.prus.sosnowiec.pl\/index.php\/wp-json\/wp\/v2\/tags?post=9028"}],"curies":[{"name":"wp","href":"https:\/\/api.w.org\/{rel}","templated":true}]}}