{"id":9852,"date":"2022-06-01T11:05:22","date_gmt":"2022-06-01T09:05:22","guid":{"rendered":"https:\/\/www.prus.sosnowiec.pl\/?p=9852"},"modified":"2022-06-01T11:05:22","modified_gmt":"2022-06-01T09:05:22","slug":"kolejna-lekcja-historii-sztuki-w-zamku-sieleckim","status":"publish","type":"post","link":"https:\/\/www.prus.sosnowiec.pl\/index.php\/2022\/06\/01\/kolejna-lekcja-historii-sztuki-w-zamku-sieleckim\/","title":{"rendered":"Kolejna lekcja historii sztuki w Zamku Sieleckim"},"content":{"rendered":"<h1 class=\"western\" style=\"text-align: center;\"><span style=\"color: #0000ff;\">Kolejna lekcja historii sztuki w Zamku Sieleckim<\/span><\/h1>\n<p class=\"western\" style=\"text-align: center;\">W zaj\u0119ciach w Sosnowieckim Centrum Sztuki uczestniczyli tym razem uczniowie klasy Ic liceum. W czasie pobytu w Zamku Sieleckim liceali\u015bci obejrzeli wystaw\u0119 najnowszych prac \u0141ukasza Korolkiewicza \u201eGry doros\u0142ych\u201d. P\u00f3\u017aniej wys\u0142uchali wyk\u0142adu dotycz\u0105cego kultury baroku i obecnej w obyczajowo\u015bci tych czas\u00f3w teatralizacji. Rozwa\u017cania te mog\u0142yby zainspirowa\u0107 tak\u017ce wsp\u00f3\u0142czesnych ludzi, wszak ka\u017cdy z nas jest aktorem na scenie \u017cycia.<\/p>\n<p>&nbsp;<\/p>\nngg_shortcode_0_placeholder\n","protected":false},"excerpt":{"rendered":"<p>Kolejna lekcja historii sztuki w Zamku Sieleckim W zaj\u0119ciach w Sosnowieckim Centrum Sztuki uczestniczyli tym razem uczniowie klasy Ic liceum. W czasie pobytu w Zamku Sieleckim liceali\u015bci obejrzeli wystaw\u0119 najnowszych prac \u0141ukasza Korolkiewicza \u201eGry doros\u0142ych\u201d. P\u00f3\u017aniej wys\u0142uchali wyk\u0142adu dotycz\u0105cego kultury baroku i obecnej w obyczajowo\u015bci tych czas\u00f3w teatralizacji. Rozwa\u017cania te mog\u0142yby zainspirowa\u0107 tak\u017ce wsp\u00f3\u0142czesnych ludzi, [&hellip;]<\/p>\n","protected":false},"author":10,"featured_media":0,"comment_status":"closed","ping_status":"open","sticky":false,"template":"","format":"standard","meta":{"ngg_post_thumbnail":0,"footnotes":"","_links_to":"","_links_to_target":""},"categories":[4],"tags":[],"class_list":["post-9852","post","type-post","status-publish","format-standard","hentry","category-news"],"_links":{"self":[{"href":"https:\/\/www.prus.sosnowiec.pl\/index.php\/wp-json\/wp\/v2\/posts\/9852","targetHints":{"allow":["GET"]}}],"collection":[{"href":"https:\/\/www.prus.sosnowiec.pl\/index.php\/wp-json\/wp\/v2\/posts"}],"about":[{"href":"https:\/\/www.prus.sosnowiec.pl\/index.php\/wp-json\/wp\/v2\/types\/post"}],"author":[{"embeddable":true,"href":"https:\/\/www.prus.sosnowiec.pl\/index.php\/wp-json\/wp\/v2\/users\/10"}],"replies":[{"embeddable":true,"href":"https:\/\/www.prus.sosnowiec.pl\/index.php\/wp-json\/wp\/v2\/comments?post=9852"}],"version-history":[{"count":1,"href":"https:\/\/www.prus.sosnowiec.pl\/index.php\/wp-json\/wp\/v2\/posts\/9852\/revisions"}],"predecessor-version":[{"id":9853,"href":"https:\/\/www.prus.sosnowiec.pl\/index.php\/wp-json\/wp\/v2\/posts\/9852\/revisions\/9853"}],"wp:attachment":[{"href":"https:\/\/www.prus.sosnowiec.pl\/index.php\/wp-json\/wp\/v2\/media?parent=9852"}],"wp:term":[{"taxonomy":"category","embeddable":true,"href":"https:\/\/www.prus.sosnowiec.pl\/index.php\/wp-json\/wp\/v2\/categories?post=9852"},{"taxonomy":"post_tag","embeddable":true,"href":"https:\/\/www.prus.sosnowiec.pl\/index.php\/wp-json\/wp\/v2\/tags?post=9852"}],"curies":[{"name":"wp","href":"https:\/\/api.w.org\/{rel}","templated":true}]}}